{"id":9505,"date":"2016-11-22T15:32:11","date_gmt":"2016-11-22T17:32:11","guid":{"rendered":"https:\/\/jusprev.org.br\/backup\/?p=9505"},"modified":"2016-11-22T15:32:11","modified_gmt":"2016-11-22T17:32:11","slug":"ultimos-dias-para-concorrer-a-um-ipad-air","status":"publish","type":"post","link":"https:\/\/jusprev.org.br\/backup\/ultimos-dias-para-concorrer-a-um-ipad-air\/","title":{"rendered":"Campanha Foto de Capa tem prazo prorrogado"},"content":{"rendered":"<p style=\"text-align: justify;\"><a href=\"https:\/\/jusprev.org.br\/backup\/wp-content\/uploads\/2016\/11\/canstockphoto24363172_site.jpg\"><img loading=\"lazy\" decoding=\"async\" class=\"alignleft size-medium wp-image-9508\" src=\"https:\/\/jusprev.org.br\/backup\/wp-content\/uploads\/2016\/11\/canstockphoto24363172_site-300x200.jpg\" alt=\"canstockphoto24363172_site\" width=\"300\" height=\"200\" \/><\/a>Voc\u00ea ganhou mais alguns dias para participar da Campanha Foto de Capa, da JUSPREV. Se voc\u00ea \u00e9 participante da nossa Previd\u00eancia Associativa, agora tem at\u00e9 o dia 4 de dezembro para nos enviar fotos de sua fam\u00edlia ou imagens que remetam ao tema: \u201caposentadoria numa boa\u201d e concorrer no sorteio de um iPad.<\/p>\n<p>N\u00e3o perca tempo! <a href=\"https:\/\/jusprev.org.br\/backup\/wp-content\/uploads\/2016\/11\/CampanhaFotodeCapaTermo.pdf\" target=\"_blanck\">Confira o regulamento clicando aqui!.<\/a><\/p>\n","protected":false},"excerpt":{"rendered":"<p>Voc\u00ea ganhou mais alguns dias para participar da Campanha Foto de Capa, da JUSPREV. Se voc\u00ea \u00e9 participante da nossa Previd\u00eancia Associativa, agora tem at\u00e9 o dia 4 de dezembro&#8230;<\/p>\n","protected":false},"author":5,"featured_media":0,"comment_status":"closed","ping_status":"closed","sticky":false,"template":"","format":"standard","meta":{"footnotes":""},"categories":[31],"tags":[],"class_list":["post-9505","post","type-post","status-publish","format-standard","hentry","category-noticias"],"_links":{"self":[{"href":"https:\/\/jusprev.org.br\/backup\/wp-json\/wp\/v2\/posts\/9505","targetHints":{"allow":["GET"]}}],"collection":[{"href":"https:\/\/jusprev.org.br\/backup\/wp-json\/wp\/v2\/posts"}],"about":[{"href":"https:\/\/jusprev.org.br\/backup\/wp-json\/wp\/v2\/types\/post"}],"author":[{"embeddable":true,"href":"https:\/\/jusprev.org.br\/backup\/wp-json\/wp\/v2\/users\/5"}],"replies":[{"embeddable":true,"href":"https:\/\/jusprev.org.br\/backup\/wp-json\/wp\/v2\/comments?post=9505"}],"version-history":[{"count":0,"href":"https:\/\/jusprev.org.br\/backup\/wp-json\/wp\/v2\/posts\/9505\/revisions"}],"wp:attachment":[{"href":"https:\/\/jusprev.org.br\/backup\/wp-json\/wp\/v2\/media?parent=9505"}],"wp:term":[{"taxonomy":"category","embeddable":true,"href":"https:\/\/jusprev.org.br\/backup\/wp-json\/wp\/v2\/categories?post=9505"},{"taxonomy":"post_tag","embeddable":true,"href":"https:\/\/jusprev.org.br\/backup\/wp-json\/wp\/v2\/tags?post=9505"}],"curies":[{"name":"wp","href":"https:\/\/api.w.org\/{rel}","templated":true}]}}