{"id":9530,"date":"2016-12-07T14:47:44","date_gmt":"2016-12-07T16:47:44","guid":{"rendered":"https:\/\/jusprev.org.br\/backup\/?p=9530"},"modified":"2016-12-07T14:47:44","modified_gmt":"2016-12-07T16:47:44","slug":"orgao-colegiados-da-jusprev-reunem-se-no-proximo-dia-16","status":"publish","type":"post","link":"https:\/\/jusprev.org.br\/backup\/orgao-colegiados-da-jusprev-reunem-se-no-proximo-dia-16\/","title":{"rendered":"\u00d3rg\u00e3o Colegiados da JUSPREV re\u00fanem-se no pr\u00f3ximo dia 16"},"content":{"rendered":"<p>A JUSPREV realiza no pr\u00f3ximo dia 16 de dezembro, em Curitiba, a \u00faltima reuni\u00e3o do ano de seus \u00d3rg\u00e3os Colegiados.<\/p>\n<p align=\"justify\">Col\u00e9gio de Instituidoras, Conselho Deliberativo, Conselho Fiscal, Comit\u00ea de Investimentos e Diretoria Executiva estar\u00e3o juntos para tratar de diversos assuntos, dentre os quais: indica\u00e7\u00e3o e nomea\u00e7\u00e3o de tr\u00eas integrantes para o Comit\u00ea de Investimentos; expectativas e estrat\u00e9gias do fundo JUSPREV para 2017 (BRAM &#8211; Bradesco Asset Management e SULAM\u00c9RICA Investimentos); explana\u00e7\u00e3o sobre riscos de investimentos e an\u00e1lise das estrat\u00e9gias dos gestores (ADITUS Consultoria Financeira); apresenta\u00e7\u00e3o do Relat\u00f3rio de Acompanhamento da Pol\u00edtica de Investimentos referente ao terceiro trimestre de 2016 (ADITUS Consultoria Financeira); Pol\u00edticas de Investimentos para o exerc\u00edcio de 2017 \u2013 PLANJUS e PGA (ADITUS Consultoria Financeira); Plano de Custeio para 2017 (ACTA Assessoria e\u00a0Consultoria T\u00e9cnica Atuarial); or\u00e7amento anual para o pr\u00f3ximo exerc\u00edcio.<\/p>\n","protected":false},"excerpt":{"rendered":"<p>A JUSPREV realiza no pr\u00f3ximo dia 16 de dezembro, em Curitiba, a \u00faltima reuni\u00e3o do ano de seus \u00d3rg\u00e3os Colegiados. Col\u00e9gio de Instituidoras, Conselho Deliberativo, Conselho Fiscal, Comit\u00ea de Investimentos&#8230;<\/p>\n","protected":false},"author":5,"featured_media":0,"comment_status":"closed","ping_status":"closed","sticky":false,"template":"","format":"standard","meta":{"footnotes":""},"categories":[31],"tags":[],"class_list":["post-9530","post","type-post","status-publish","format-standard","hentry","category-noticias"],"_links":{"self":[{"href":"https:\/\/jusprev.org.br\/backup\/wp-json\/wp\/v2\/posts\/9530","targetHints":{"allow":["GET"]}}],"collection":[{"href":"https:\/\/jusprev.org.br\/backup\/wp-json\/wp\/v2\/posts"}],"about":[{"href":"https:\/\/jusprev.org.br\/backup\/wp-json\/wp\/v2\/types\/post"}],"author":[{"embeddable":true,"href":"https:\/\/jusprev.org.br\/backup\/wp-json\/wp\/v2\/users\/5"}],"replies":[{"embeddable":true,"href":"https:\/\/jusprev.org.br\/backup\/wp-json\/wp\/v2\/comments?post=9530"}],"version-history":[{"count":0,"href":"https:\/\/jusprev.org.br\/backup\/wp-json\/wp\/v2\/posts\/9530\/revisions"}],"wp:attachment":[{"href":"https:\/\/jusprev.org.br\/backup\/wp-json\/wp\/v2\/media?parent=9530"}],"wp:term":[{"taxonomy":"category","embeddable":true,"href":"https:\/\/jusprev.org.br\/backup\/wp-json\/wp\/v2\/categories?post=9530"},{"taxonomy":"post_tag","embeddable":true,"href":"https:\/\/jusprev.org.br\/backup\/wp-json\/wp\/v2\/tags?post=9530"}],"curies":[{"name":"wp","href":"https:\/\/api.w.org\/{rel}","templated":true}]}}