{"id":9535,"date":"2016-12-08T09:50:02","date_gmt":"2016-12-08T11:50:02","guid":{"rendered":"https:\/\/jusprev.org.br\/backup\/?p=9535"},"modified":"2016-12-08T09:50:02","modified_gmt":"2016-12-08T11:50:02","slug":"expediente-suspenso-9-de-dezembro","status":"publish","type":"post","link":"https:\/\/jusprev.org.br\/backup\/expediente-suspenso-9-de-dezembro\/","title":{"rendered":"Expediente Suspenso &#8211; 9 de dezembro"},"content":{"rendered":"<p style=\"margin: 0cm; margin-bottom: .0001pt;\"><span style=\"font-size: 10.5pt; font-family: 'Arial',sans-serif; color: #1d2129;\">Informamos que, em fun\u00e7\u00e3o do feriado no Poder Judici\u00e1rio, nesta sexta-feira, 9 de dezembro, n\u00e3o haver\u00e1 expediente na JUSPREV.<\/span><\/p>\n","protected":false},"excerpt":{"rendered":"<p>Informamos que, em fun\u00e7\u00e3o do feriado no Poder Judici\u00e1rio, nesta sexta-feira, 9 de dezembro, n\u00e3o haver\u00e1 expediente na JUSPREV.<\/p>\n","protected":false},"author":5,"featured_media":0,"comment_status":"closed","ping_status":"closed","sticky":false,"template":"","format":"standard","meta":{"footnotes":""},"categories":[31],"tags":[],"class_list":["post-9535","post","type-post","status-publish","format-standard","hentry","category-noticias"],"_links":{"self":[{"href":"https:\/\/jusprev.org.br\/backup\/wp-json\/wp\/v2\/posts\/9535","targetHints":{"allow":["GET"]}}],"collection":[{"href":"https:\/\/jusprev.org.br\/backup\/wp-json\/wp\/v2\/posts"}],"about":[{"href":"https:\/\/jusprev.org.br\/backup\/wp-json\/wp\/v2\/types\/post"}],"author":[{"embeddable":true,"href":"https:\/\/jusprev.org.br\/backup\/wp-json\/wp\/v2\/users\/5"}],"replies":[{"embeddable":true,"href":"https:\/\/jusprev.org.br\/backup\/wp-json\/wp\/v2\/comments?post=9535"}],"version-history":[{"count":0,"href":"https:\/\/jusprev.org.br\/backup\/wp-json\/wp\/v2\/posts\/9535\/revisions"}],"wp:attachment":[{"href":"https:\/\/jusprev.org.br\/backup\/wp-json\/wp\/v2\/media?parent=9535"}],"wp:term":[{"taxonomy":"category","embeddable":true,"href":"https:\/\/jusprev.org.br\/backup\/wp-json\/wp\/v2\/categories?post=9535"},{"taxonomy":"post_tag","embeddable":true,"href":"https:\/\/jusprev.org.br\/backup\/wp-json\/wp\/v2\/tags?post=9535"}],"curies":[{"name":"wp","href":"https:\/\/api.w.org\/{rel}","templated":true}]}}