{"id":9552,"date":"2017-01-04T16:07:32","date_gmt":"2017-01-04T18:07:32","guid":{"rendered":"https:\/\/jusprev.org.br\/backup\/?p=9552"},"modified":"2017-01-04T16:07:32","modified_gmt":"2017-01-04T18:07:32","slug":"jusprev-bate-recorde-historico-de-aportes","status":"publish","type":"post","link":"https:\/\/jusprev.org.br\/backup\/jusprev-bate-recorde-historico-de-aportes\/","title":{"rendered":"JUSPREV bate recorde hist\u00f3rico de aportes"},"content":{"rendered":"<p style=\"margin: 0cm; margin-bottom: .0001pt; text-indent: 36.0pt;\" align=\"justify\"><span style=\"font-size: 11.0pt; font-family: 'Arial',sans-serif; color: black;\">Em 2016, a JUSPREV bateu o recorde hist\u00f3rico no valor dos aportes recebidos, contribui\u00e7\u00f5es complementares feitas pelos participantes a fim de integrar o montante dos recursos investidos na previd\u00eancia associativa. Foram R$ 3.796.706,85 em aportes, soma 31,32% superior \u00e0 recebida em 2015, quando os aportes somaram R$2.891.287,22. Veja aqui a s\u00e9rie hist\u00f3rica de aportes.<\/span><\/p>\n<p style=\"margin: 0cm; margin-bottom: .0001pt; text-indent: 36.0pt;\" align=\"justify\">\n<p style=\"margin: 0cm; margin-bottom: .0001pt; text-indent: 36.0pt;\" align=\"justify\"><img loading=\"lazy\" decoding=\"async\" class=\"aligncenter wp-image-9553 size-full\" src=\"https:\/\/jusprev.org.br\/backup\/wp-content\/uploads\/2017\/01\/aportes2016.png\" alt=\"aportes2016\" width=\"870\" height=\"499\" \/><\/p>\n","protected":false},"excerpt":{"rendered":"<p>Em 2016, a JUSPREV bateu o recorde hist\u00f3rico no valor dos aportes recebidos, contribui\u00e7\u00f5es complementares feitas pelos participantes a fim de integrar o montante dos recursos investidos na previd\u00eancia associativa&#8230;.<\/p>\n","protected":false},"author":5,"featured_media":0,"comment_status":"closed","ping_status":"closed","sticky":false,"template":"","format":"standard","meta":{"footnotes":""},"categories":[31],"tags":[],"class_list":["post-9552","post","type-post","status-publish","format-standard","hentry","category-noticias"],"_links":{"self":[{"href":"https:\/\/jusprev.org.br\/backup\/wp-json\/wp\/v2\/posts\/9552","targetHints":{"allow":["GET"]}}],"collection":[{"href":"https:\/\/jusprev.org.br\/backup\/wp-json\/wp\/v2\/posts"}],"about":[{"href":"https:\/\/jusprev.org.br\/backup\/wp-json\/wp\/v2\/types\/post"}],"author":[{"embeddable":true,"href":"https:\/\/jusprev.org.br\/backup\/wp-json\/wp\/v2\/users\/5"}],"replies":[{"embeddable":true,"href":"https:\/\/jusprev.org.br\/backup\/wp-json\/wp\/v2\/comments?post=9552"}],"version-history":[{"count":0,"href":"https:\/\/jusprev.org.br\/backup\/wp-json\/wp\/v2\/posts\/9552\/revisions"}],"wp:attachment":[{"href":"https:\/\/jusprev.org.br\/backup\/wp-json\/wp\/v2\/media?parent=9552"}],"wp:term":[{"taxonomy":"category","embeddable":true,"href":"https:\/\/jusprev.org.br\/backup\/wp-json\/wp\/v2\/categories?post=9552"},{"taxonomy":"post_tag","embeddable":true,"href":"https:\/\/jusprev.org.br\/backup\/wp-json\/wp\/v2\/tags?post=9552"}],"curies":[{"name":"wp","href":"https:\/\/api.w.org\/{rel}","templated":true}]}}