{"id":9694,"date":"2017-03-13T17:49:36","date_gmt":"2017-03-13T20:49:36","guid":{"rendered":"https:\/\/jusprev.org.br\/backup\/?p=9694"},"modified":"2017-03-13T17:49:36","modified_gmt":"2017-03-13T20:49:36","slug":"palestra-sobre-reforma-da-previdencia","status":"publish","type":"post","link":"https:\/\/jusprev.org.br\/backup\/palestra-sobre-reforma-da-previdencia\/","title":{"rendered":"Palestra sobre Reforma da Previd\u00eancia"},"content":{"rendered":"<p align=\"justify\">Os poss\u00edveis impactos da Reforma da Previd\u00eancia na carreira dos Magistrados. Este foi o tema da palestra proferida no in\u00edcio deste m\u00eas, na sede da AMAGIS, pelo especialista em Direito Previdenci\u00e1rio, Jorge Franklin.<\/p>\n<p align=\"justify\">O professor apresentou um breve hist\u00f3rico da seguridade e da previd\u00eancia social. Ele explicou as reformas constitucionais decorrentes das emendas 20 e 41, com destaque para inser\u00e7\u00e3o da magistratura nas regras do artigo 40.\u00a0 Tamb\u00e9m foi abordada a idade m\u00ednima para a aposentadoria, a contribui\u00e7\u00e3o obrigat\u00f3ria e o fim da integralidade e da paridade.<\/p>\n<p align=\"justify\">Ao fim da palestra, Jorge destacou a import\u00e2ncia do debate e da fun\u00e7\u00e3o do magistrado, que atua como um defensor da sociedade. \u201cO juiz, assim como os membros do Minist\u00e9rio P\u00fablico, exercem uma fun\u00e7\u00e3o social relevante. E essas fun\u00e7\u00f5es deveriam ter tratamento diferenciado. No dia em que o magistrado tiver medo, a sociedade n\u00e3o dormir\u00e1 tranquila\u201d, assegurou Franklin.<\/p>\n<p align=\"justify\">Para acompanhar a palestra na \u00edntegra, <a href=\"https:\/\/jusprev.org.br\/backup\/?p=9691\">clique aqui<\/a> e utilize a senha que lhe foi enviada previamente por e-mail. Caso n\u00e3o a tenha recebido, por favor, entre em contato com a JUSPREV para solicitar um novo envio.<\/p>\n","protected":false},"excerpt":{"rendered":"<p>Os poss\u00edveis impactos da Reforma da Previd\u00eancia na carreira dos Magistrados. Este foi o tema da palestra proferida no in\u00edcio deste m\u00eas, na sede da AMAGIS, pelo especialista em Direito&#8230;<\/p>\n","protected":false},"author":5,"featured_media":0,"comment_status":"closed","ping_status":"closed","sticky":false,"template":"","format":"standard","meta":{"footnotes":""},"categories":[31],"tags":[],"class_list":["post-9694","post","type-post","status-publish","format-standard","hentry","category-noticias"],"_links":{"self":[{"href":"https:\/\/jusprev.org.br\/backup\/wp-json\/wp\/v2\/posts\/9694","targetHints":{"allow":["GET"]}}],"collection":[{"href":"https:\/\/jusprev.org.br\/backup\/wp-json\/wp\/v2\/posts"}],"about":[{"href":"https:\/\/jusprev.org.br\/backup\/wp-json\/wp\/v2\/types\/post"}],"author":[{"embeddable":true,"href":"https:\/\/jusprev.org.br\/backup\/wp-json\/wp\/v2\/users\/5"}],"replies":[{"embeddable":true,"href":"https:\/\/jusprev.org.br\/backup\/wp-json\/wp\/v2\/comments?post=9694"}],"version-history":[{"count":0,"href":"https:\/\/jusprev.org.br\/backup\/wp-json\/wp\/v2\/posts\/9694\/revisions"}],"wp:attachment":[{"href":"https:\/\/jusprev.org.br\/backup\/wp-json\/wp\/v2\/media?parent=9694"}],"wp:term":[{"taxonomy":"category","embeddable":true,"href":"https:\/\/jusprev.org.br\/backup\/wp-json\/wp\/v2\/categories?post=9694"},{"taxonomy":"post_tag","embeddable":true,"href":"https:\/\/jusprev.org.br\/backup\/wp-json\/wp\/v2\/tags?post=9694"}],"curies":[{"name":"wp","href":"https:\/\/api.w.org\/{rel}","templated":true}]}}