{"id":9706,"date":"2017-03-20T15:29:29","date_gmt":"2017-03-20T18:29:29","guid":{"rendered":"https:\/\/jusprev.org.br\/backup\/?p=9706"},"modified":"2017-03-20T15:29:29","modified_gmt":"2017-03-20T18:29:29","slug":"jusprev-realiza-primeira-reuniao-dos-orgaos-colegiados-de-2017","status":"publish","type":"post","link":"https:\/\/jusprev.org.br\/backup\/jusprev-realiza-primeira-reuniao-dos-orgaos-colegiados-de-2017\/","title":{"rendered":"JUSPREV realiza primeira reuni\u00e3o dos \u00d3rg\u00e3os Colegiados de 2017"},"content":{"rendered":"<p align=\"justify\">Foi realizada na \u00faltima sexta-feira (17), em Curitiba, a primeira reuni\u00e3o dos \u00d3rg\u00e3os Colegiados do ano de 2017. Durante o encontro foram discutidos assuntos de relev\u00e2ncia para a entidade, como a aprova\u00e7\u00e3o das Demonstra\u00e7\u00f5es Atuariais e a apresenta\u00e7\u00e3o do Relat\u00f3rio de Acompanhamento da Pol\u00edtica de Investimentos referente ao 4\u00ba trimestre de 2016, entre outros.<\/p>\n<p align=\"justify\">A manh\u00e3 foi tomada pela reuni\u00e3o do Conselho Fiscal. J\u00e1 \u00e0 tarde, foi realizada a reuni\u00e3o dos \u00d3rg\u00e3os Colegiados. O encontro contou com a presen\u00e7a dos membros da Diretoria Executiva, Conselheiros Deliberativos e Fiscais, Membros do Comit\u00ea de Investimentos e presidentes e representantes das associa\u00e7\u00f5es instituidoras que comp\u00f5em a JUSPREV. Na ocasi\u00e3o, o Conselho Deliberativo nomeou os indicados pelo Col\u00e9gio de Instituidoras para integrarem o Comit\u00ea de Investimentos da JUSPREV. Ao lado de Fabio Esmanhotto, Marco Tuoto e Willian Lira, passam a atuar: Felipe Locke (indicado pela APMPSP), Francisco Borges (indicado pela AMERON), Gerv\u00e1sio Prot\u00e1sio (indicado pela AMMA), Maur\u00edcio Trevisan (indicado pela AMPRS) e Miguel Simas (indicado pela ANFIP).<\/p>\n<p align=\"justify\"><strong>Mudan\u00e7a<\/strong><br \/>\nNa oportunidade, Maria Tereza Uille Gomes, fundadora e at\u00e9 ent\u00e3o Diretora-Presidente da JUSPREV, anunciou a ren\u00fancia ao cargo que ocupa desde 2007. Ela segue agora para um novo desafio: far\u00e1 parte do Conselho Nacional de Justi\u00e7a (CNJ).<\/p>\n<p align=\"justify\">Quem assume a presid\u00eancia a partir de agora \u00e9 Antonia L\u00e9lia Neves Sanches, procuradora da Rep\u00fablica aposentada, que ocupava o cargo de Coordenadora Nacional da Comiss\u00e3o de Rela\u00e7\u00f5es Institucionais da JUSPREV.<\/p>\n<table border=\"0\">\n<tbody>\n<tr>\n<td valign=\"middle\">\n<div id=\"attachment_9707\" style=\"width: 235px\" class=\"wp-caption aligncenter\"><img loading=\"lazy\" decoding=\"async\" aria-describedby=\"caption-attachment-9707\" class=\"size-medium wp-image-9707\" src=\"https:\/\/jusprev.org.br\/backup\/wp-content\/uploads\/2017\/03\/image1-225x300.jpg\" alt=\"Dr\u00aa. Antonia L\u00e9lia Neves Sanches\" width=\"225\" height=\"300\" \/><p id=\"caption-attachment-9707\" class=\"wp-caption-text\">Dr\u00aa. Antonia L\u00e9lia Neves Sanches<\/p><\/div><\/td>\n<td valign=\"middle\"><img loading=\"lazy\" decoding=\"async\" class=\"alignleft size-medium wp-image-9708\" src=\"https:\/\/jusprev.org.br\/backup\/wp-content\/uploads\/2017\/03\/image2-300x225.jpg\" alt=\"image2\" width=\"300\" height=\"225\" \/><\/td>\n<\/tr>\n<tr>\n<td valign=\"middle\"><img loading=\"lazy\" decoding=\"async\" class=\"alignleft size-medium wp-image-9710\" src=\"https:\/\/jusprev.org.br\/backup\/wp-content\/uploads\/2017\/03\/image4-300x225.jpg\" alt=\"image4\" width=\"300\" height=\"225\" \/><\/td>\n<td valign=\"middle\"><img loading=\"lazy\" decoding=\"async\" class=\"alignleft size-medium wp-image-9709\" src=\"https:\/\/jusprev.org.br\/backup\/wp-content\/uploads\/2017\/03\/image3-225x300.jpg\" alt=\"image3\" width=\"225\" height=\"300\" \/><\/td>\n<\/tr>\n<\/tbody>\n<\/table>\n","protected":false},"excerpt":{"rendered":"<p>Foi realizada na \u00faltima sexta-feira (17), em Curitiba, a primeira reuni\u00e3o dos \u00d3rg\u00e3os Colegiados do ano de 2017. Durante o encontro foram discutidos assuntos de relev\u00e2ncia para a entidade, como&#8230;<\/p>\n","protected":false},"author":5,"featured_media":0,"comment_status":"closed","ping_status":"closed","sticky":false,"template":"","format":"standard","meta":{"footnotes":""},"categories":[31],"tags":[],"class_list":["post-9706","post","type-post","status-publish","format-standard","hentry","category-noticias"],"_links":{"self":[{"href":"https:\/\/jusprev.org.br\/backup\/wp-json\/wp\/v2\/posts\/9706","targetHints":{"allow":["GET"]}}],"collection":[{"href":"https:\/\/jusprev.org.br\/backup\/wp-json\/wp\/v2\/posts"}],"about":[{"href":"https:\/\/jusprev.org.br\/backup\/wp-json\/wp\/v2\/types\/post"}],"author":[{"embeddable":true,"href":"https:\/\/jusprev.org.br\/backup\/wp-json\/wp\/v2\/users\/5"}],"replies":[{"embeddable":true,"href":"https:\/\/jusprev.org.br\/backup\/wp-json\/wp\/v2\/comments?post=9706"}],"version-history":[{"count":0,"href":"https:\/\/jusprev.org.br\/backup\/wp-json\/wp\/v2\/posts\/9706\/revisions"}],"wp:attachment":[{"href":"https:\/\/jusprev.org.br\/backup\/wp-json\/wp\/v2\/media?parent=9706"}],"wp:term":[{"taxonomy":"category","embeddable":true,"href":"https:\/\/jusprev.org.br\/backup\/wp-json\/wp\/v2\/categories?post=9706"},{"taxonomy":"post_tag","embeddable":true,"href":"https:\/\/jusprev.org.br\/backup\/wp-json\/wp\/v2\/tags?post=9706"}],"curies":[{"name":"wp","href":"https:\/\/api.w.org\/{rel}","templated":true}]}}