{"id":9741,"date":"2017-03-22T16:11:49","date_gmt":"2017-03-22T19:11:49","guid":{"rendered":"https:\/\/jusprev.org.br\/backup\/?p=9741"},"modified":"2017-03-22T16:11:49","modified_gmt":"2017-03-22T19:11:49","slug":"proposta-de-mocao-apoiada-pela-jusprev","status":"publish","type":"post","link":"https:\/\/jusprev.org.br\/backup\/proposta-de-mocao-apoiada-pela-jusprev\/","title":{"rendered":"Proposta de mo\u00e7\u00e3o apoiada pela JUSPREV"},"content":{"rendered":"<p style=\"font-size: 14.0pt; font-family: 'Kabel Bk BT',sans-serif; color: black;\" align=\"justify\">Mediante proposta de mo\u00e7\u00e3o, apresentada pelo Diretor Jur\u00eddico e de Benef\u00edcios da JUSPREV, Marcio Humberto Gheller, convidamos os \u00d3rg\u00e3os Colegiados da entidade, bem como todos os participantes do PLANJUS, a apoiarem a proposta apresentada pelo Deputado Federal Eduardo da Fonte (PP-PE), para manuten\u00e7\u00e3o do texto original da Constitui\u00e7\u00e3o Federal de 1988, consubstanciado no Artigo 40, par\u00e1grafo 15 com proposta de altera\u00e7\u00e3o do Governo na PEC 287\/2016. O texto original pede que a previd\u00eancia complementar seja administrada por entidades fechadas de previd\u00eancia \u2013 e n\u00e3o aberto a todo o mercado financeiro nacional e internacional.<\/p>\n<p style=\"font-size: 14.0pt; font-family: 'Kabel Bk BT',sans-serif; color: black;\" align=\"justify\">A preocupa\u00e7\u00e3o, que deve ser uma bandeira dos dirigentes e participantes da JUSPREV, adv\u00e9m do fato de que a abertura proposta na altera\u00e7\u00e3o afasta os planos de previdenci\u00e1rios para um desvirtuamento \u2013 se de fato forem levados ao mercado financeiro.<\/p>\n<p style=\"font-size: 14.0pt; font-family: 'Kabel Bk BT',sans-serif; color: black;\" align=\"justify\">Julgamos que a <i>expertise<\/i> acumulada pelas entidades de previd\u00eancia complementar fechada oferece maior seguran\u00e7a aos participantes e facilita a formula\u00e7\u00e3o de planos de previd\u00eancia complementar mais alinhados aos patrocinadores e participes, inclusive nos planos com participa\u00e7\u00e3o parit\u00e1ria.<\/p>\n","protected":false},"excerpt":{"rendered":"<p>Mediante proposta de mo\u00e7\u00e3o, apresentada pelo Diretor Jur\u00eddico e de Benef\u00edcios da JUSPREV, Marcio Humberto Gheller, convidamos os \u00d3rg\u00e3os Colegiados da entidade, bem como todos os participantes do PLANJUS, a&#8230;<\/p>\n","protected":false},"author":5,"featured_media":0,"comment_status":"closed","ping_status":"closed","sticky":false,"template":"","format":"standard","meta":{"footnotes":""},"categories":[31],"tags":[],"class_list":["post-9741","post","type-post","status-publish","format-standard","hentry","category-noticias"],"_links":{"self":[{"href":"https:\/\/jusprev.org.br\/backup\/wp-json\/wp\/v2\/posts\/9741","targetHints":{"allow":["GET"]}}],"collection":[{"href":"https:\/\/jusprev.org.br\/backup\/wp-json\/wp\/v2\/posts"}],"about":[{"href":"https:\/\/jusprev.org.br\/backup\/wp-json\/wp\/v2\/types\/post"}],"author":[{"embeddable":true,"href":"https:\/\/jusprev.org.br\/backup\/wp-json\/wp\/v2\/users\/5"}],"replies":[{"embeddable":true,"href":"https:\/\/jusprev.org.br\/backup\/wp-json\/wp\/v2\/comments?post=9741"}],"version-history":[{"count":0,"href":"https:\/\/jusprev.org.br\/backup\/wp-json\/wp\/v2\/posts\/9741\/revisions"}],"wp:attachment":[{"href":"https:\/\/jusprev.org.br\/backup\/wp-json\/wp\/v2\/media?parent=9741"}],"wp:term":[{"taxonomy":"category","embeddable":true,"href":"https:\/\/jusprev.org.br\/backup\/wp-json\/wp\/v2\/categories?post=9741"},{"taxonomy":"post_tag","embeddable":true,"href":"https:\/\/jusprev.org.br\/backup\/wp-json\/wp\/v2\/tags?post=9741"}],"curies":[{"name":"wp","href":"https:\/\/api.w.org\/{rel}","templated":true}]}}