{"id":9748,"date":"2017-03-27T09:36:00","date_gmt":"2017-03-27T12:36:00","guid":{"rendered":"https:\/\/jusprev.org.br\/backup\/?p=9748"},"modified":"2017-03-27T09:36:00","modified_gmt":"2017-03-27T12:36:00","slug":"por-que-os-planos-de-previdencia-complementar-fechada-devem-ser-geridos-exclusivamente-por-entidades-fechadas-e-de-natureza-publica-2","status":"publish","type":"post","link":"https:\/\/jusprev.org.br\/backup\/por-que-os-planos-de-previdencia-complementar-fechada-devem-ser-geridos-exclusivamente-por-entidades-fechadas-e-de-natureza-publica-2\/","title":{"rendered":"Por que os planos de Previd\u00eancia Complementar Fechada devem ser geridos exclusivamente por Entidades Fechadas e de Natureza P\u00fablica?"},"content":{"rendered":"<p align=\"justify\">A pol\u00eamica proposta de emenda constitucional (PEC 287) prop\u00f5e novas regras para a aposentadoria. Se aprovada, vai criar dificuldades e exigir mais tempo de contribui\u00e7\u00e3o antes do trabalhador requerer o benef\u00edcio.<\/p>\n<p align=\"justify\">Mas as mudan\u00e7as v\u00e3o al\u00e9m e podem mexer tamb\u00e9m com o sistema de previd\u00eancia complementar. Hoje em dia, h\u00e1 dois sistemas distintos: previd\u00eancia complementar aberta (oferecida por bancos e institui\u00e7\u00f5es financeiras) e previd\u00eancia complementar fechada (como o PLANJUS), exclusivo a determinadas categorias, como funcion\u00e1rios de uma mesma empresa, servidores p\u00fablicos ou associados de entidades jur\u00eddicas \u2013 entre outras.<\/p>\n<p align=\"justify\">Se aprovada, a altera\u00e7\u00e3o proposta pelo Governo vai permitir que entidades abertas \u2013 que visam, sobretudo, o lucro em suas opera\u00e7\u00f5es \u2013 passem a gerir planos de previd\u00eancia complementar fechada.<\/p>\n<p align=\"justify\">Para Floriano Martins, um especialista no assunto, \u00e9 essencial que participantes e institui\u00e7\u00f5es se unam para garantir que os planos de previd\u00eancia complementar fechada continuem a ser administrados \u00fanica e exclusivamente por entidades fechadas e de natureza p\u00fablica. Conhe\u00e7a a argumenta\u00e7\u00e3o do vice-presidente da ANFIP, que tamb\u00e9m j\u00e1 foi Superintende do INSS Santa Catarina e Presidente da Funda\u00e7\u00e3o ANFIP de Estudos da Seguridade Social.<\/p>\n<p align=\"justify\"><a href=\"https:\/\/jusprev.org.br\/backup\/?p=9746\">Clique aqui para acessar<\/a><\/p>\n","protected":false},"excerpt":{"rendered":"<p>A pol\u00eamica proposta de emenda constitucional (PEC 287) prop\u00f5e novas regras para a aposentadoria. Se aprovada, vai criar dificuldades e exigir mais tempo de contribui\u00e7\u00e3o antes do trabalhador requerer o&#8230;<\/p>\n","protected":false},"author":5,"featured_media":0,"comment_status":"closed","ping_status":"closed","sticky":false,"template":"","format":"standard","meta":{"footnotes":""},"categories":[31],"tags":[],"class_list":["post-9748","post","type-post","status-publish","format-standard","hentry","category-noticias"],"_links":{"self":[{"href":"https:\/\/jusprev.org.br\/backup\/wp-json\/wp\/v2\/posts\/9748","targetHints":{"allow":["GET"]}}],"collection":[{"href":"https:\/\/jusprev.org.br\/backup\/wp-json\/wp\/v2\/posts"}],"about":[{"href":"https:\/\/jusprev.org.br\/backup\/wp-json\/wp\/v2\/types\/post"}],"author":[{"embeddable":true,"href":"https:\/\/jusprev.org.br\/backup\/wp-json\/wp\/v2\/users\/5"}],"replies":[{"embeddable":true,"href":"https:\/\/jusprev.org.br\/backup\/wp-json\/wp\/v2\/comments?post=9748"}],"version-history":[{"count":0,"href":"https:\/\/jusprev.org.br\/backup\/wp-json\/wp\/v2\/posts\/9748\/revisions"}],"wp:attachment":[{"href":"https:\/\/jusprev.org.br\/backup\/wp-json\/wp\/v2\/media?parent=9748"}],"wp:term":[{"taxonomy":"category","embeddable":true,"href":"https:\/\/jusprev.org.br\/backup\/wp-json\/wp\/v2\/categories?post=9748"},{"taxonomy":"post_tag","embeddable":true,"href":"https:\/\/jusprev.org.br\/backup\/wp-json\/wp\/v2\/tags?post=9748"}],"curies":[{"name":"wp","href":"https:\/\/api.w.org\/{rel}","templated":true}]}}