{"id":9782,"date":"2017-05-02T16:49:26","date_gmt":"2017-05-02T19:49:26","guid":{"rendered":"https:\/\/jusprev.org.br\/backup\/?p=9782"},"modified":"2017-05-02T16:49:26","modified_gmt":"2017-05-02T19:49:26","slug":"jusprev-estara-presente-no-i-fonavep","status":"publish","type":"post","link":"https:\/\/jusprev.org.br\/backup\/jusprev-estara-presente-no-i-fonavep\/","title":{"rendered":"JUSPREV estar\u00e1 presente no I\u00b0 Fonavep"},"content":{"rendered":"<p align=\"justify\">Venha conhecer melhor as vantagens incompar\u00e1veis do PLANJUS, o plano de benef\u00edcios da JUSPREV. Nos dias 4 e 5 de Maio, quem participar do I\u00b0 F\u00f3rum Nacional de Execu\u00e7\u00e3o Penal, em Foz do Igua\u00e7u, vai ter \u00e0 disposi\u00e7\u00e3o um consultor exclusivo da JUSPREV para tirar suas d\u00favidas e lhe explicar tudo sobre o PLANJUS. Se voc\u00ea j\u00e1 tem um plano de previd\u00eancia complementar em outro banco ou institui\u00e7\u00e3o, fa\u00e7a uma simula\u00e7\u00e3o com o nosso consultor e venha para JUSPREV.<\/p>\n<p><a title=\"CLIQUE PARA AMPLIAR\" href=\"https:\/\/jusprev.org.br\/backup\/wp-content\/uploads\/2017\/05\/Jusprev_em_Foz.jpg\"><img loading=\"lazy\" decoding=\"async\" class=\"aligncenter size-medium wp-image-9783\" src=\"https:\/\/jusprev.org.br\/backup\/wp-content\/uploads\/2017\/05\/Jusprev_em_Foz-240x300.jpg\" alt=\"CLIQUE PARA AMPLIAR\" width=\"240\" height=\"300\" \/><\/a><\/p>\n","protected":false},"excerpt":{"rendered":"<p>Venha conhecer melhor as vantagens incompar\u00e1veis do PLANJUS, o plano de benef\u00edcios da JUSPREV. Nos dias 4 e 5 de Maio, quem participar do I\u00b0 F\u00f3rum Nacional de Execu\u00e7\u00e3o Penal,&#8230;<\/p>\n","protected":false},"author":5,"featured_media":0,"comment_status":"closed","ping_status":"closed","sticky":false,"template":"","format":"standard","meta":{"footnotes":""},"categories":[31],"tags":[],"class_list":["post-9782","post","type-post","status-publish","format-standard","hentry","category-noticias"],"_links":{"self":[{"href":"https:\/\/jusprev.org.br\/backup\/wp-json\/wp\/v2\/posts\/9782","targetHints":{"allow":["GET"]}}],"collection":[{"href":"https:\/\/jusprev.org.br\/backup\/wp-json\/wp\/v2\/posts"}],"about":[{"href":"https:\/\/jusprev.org.br\/backup\/wp-json\/wp\/v2\/types\/post"}],"author":[{"embeddable":true,"href":"https:\/\/jusprev.org.br\/backup\/wp-json\/wp\/v2\/users\/5"}],"replies":[{"embeddable":true,"href":"https:\/\/jusprev.org.br\/backup\/wp-json\/wp\/v2\/comments?post=9782"}],"version-history":[{"count":0,"href":"https:\/\/jusprev.org.br\/backup\/wp-json\/wp\/v2\/posts\/9782\/revisions"}],"wp:attachment":[{"href":"https:\/\/jusprev.org.br\/backup\/wp-json\/wp\/v2\/media?parent=9782"}],"wp:term":[{"taxonomy":"category","embeddable":true,"href":"https:\/\/jusprev.org.br\/backup\/wp-json\/wp\/v2\/categories?post=9782"},{"taxonomy":"post_tag","embeddable":true,"href":"https:\/\/jusprev.org.br\/backup\/wp-json\/wp\/v2\/tags?post=9782"}],"curies":[{"name":"wp","href":"https:\/\/api.w.org\/{rel}","templated":true}]}}