{"id":9791,"date":"2017-05-04T12:38:31","date_gmt":"2017-05-04T15:38:31","guid":{"rendered":"https:\/\/jusprev.org.br\/backup\/?p=9791"},"modified":"2017-05-04T12:38:31","modified_gmt":"2017-05-04T15:38:31","slug":"4a-semana-nacional-de-educacao-financeira","status":"publish","type":"post","link":"https:\/\/jusprev.org.br\/backup\/4a-semana-nacional-de-educacao-financeira\/","title":{"rendered":"4\u00aa Semana Nacional de Educa\u00e7\u00e3o Financeira"},"content":{"rendered":"<p style=\"text-align: justify;\">No dia 12 de Maio, \u00e0s 11 horas, durante a 4\u00aa Semana Nacional de Educa\u00e7\u00e3o Financeira, voc\u00ea vai ter a chance de acompanhar a palestra PLANEJAMENTO FINANCEIRO E VOC\u00ca, <strong>com Dra. Myrian Lund<\/strong>, planejadora financeira e especialista em finan\u00e7as pessoais. O evento ser\u00e1 online, gratuito e aberto a todos os participantes da JUSPREV, familiares e funcion\u00e1rios.<\/p>\n<p style=\"text-align: left;\">Para participar, \u00e9 preciso se registrar no link <a href=\"http:\/\/webinar.lundfinancas.com.br\/Webinar\/Enroll\">http:\/\/webinar.lundfinancas.com.br\/Webinar\/Enroll<\/a><\/p>\n<p style=\"text-align: left;\">at\u00e9 5 minutos antes do in\u00edcio da palestra. O evento tem participa\u00e7\u00e3o limitada a 100 pessoas, ent\u00e3o n\u00e3o perca tempo e fa\u00e7a agora a sua inscri\u00e7\u00e3o.<\/p>\n<p style=\"text-align: left;\">No caso de d\u00favidas, favor ligar para <strong>0800 052 34 34<\/strong> ou enviar e-mail para <a href=\"mailto:comunica\u00e7\u00e3o@jusprev.org.br\"><strong>comunica\u00e7\u00e3o@jusprev.org.br<\/strong><\/a><\/p>\n<p style=\"text-align: left;\"><a href=\"https:\/\/jusprev.org.br\/backup\/wp-content\/uploads\/2017\/05\/palestra_myrian.jpg\"><img loading=\"lazy\" decoding=\"async\" class=\"aligncenter size-medium wp-image-9792\" src=\"https:\/\/jusprev.org.br\/backup\/wp-content\/uploads\/2017\/05\/palestra_myrian-222x300.jpg\" alt=\"palestra Dr\u00aa Myrian Lund\" width=\"222\" height=\"300\" \/><\/a><\/p>\n","protected":false},"excerpt":{"rendered":"<p>No dia 12 de Maio, \u00e0s 11 horas, durante a 4\u00aa Semana Nacional de Educa\u00e7\u00e3o Financeira, voc\u00ea vai ter a chance de acompanhar a palestra PLANEJAMENTO FINANCEIRO E VOC\u00ca, com&#8230;<\/p>\n","protected":false},"author":5,"featured_media":0,"comment_status":"closed","ping_status":"closed","sticky":false,"template":"","format":"standard","meta":{"footnotes":""},"categories":[31],"tags":[],"class_list":["post-9791","post","type-post","status-publish","format-standard","hentry","category-noticias"],"_links":{"self":[{"href":"https:\/\/jusprev.org.br\/backup\/wp-json\/wp\/v2\/posts\/9791","targetHints":{"allow":["GET"]}}],"collection":[{"href":"https:\/\/jusprev.org.br\/backup\/wp-json\/wp\/v2\/posts"}],"about":[{"href":"https:\/\/jusprev.org.br\/backup\/wp-json\/wp\/v2\/types\/post"}],"author":[{"embeddable":true,"href":"https:\/\/jusprev.org.br\/backup\/wp-json\/wp\/v2\/users\/5"}],"replies":[{"embeddable":true,"href":"https:\/\/jusprev.org.br\/backup\/wp-json\/wp\/v2\/comments?post=9791"}],"version-history":[{"count":0,"href":"https:\/\/jusprev.org.br\/backup\/wp-json\/wp\/v2\/posts\/9791\/revisions"}],"wp:attachment":[{"href":"https:\/\/jusprev.org.br\/backup\/wp-json\/wp\/v2\/media?parent=9791"}],"wp:term":[{"taxonomy":"category","embeddable":true,"href":"https:\/\/jusprev.org.br\/backup\/wp-json\/wp\/v2\/categories?post=9791"},{"taxonomy":"post_tag","embeddable":true,"href":"https:\/\/jusprev.org.br\/backup\/wp-json\/wp\/v2\/tags?post=9791"}],"curies":[{"name":"wp","href":"https:\/\/api.w.org\/{rel}","templated":true}]}}