{"id":9801,"date":"2017-05-15T14:14:01","date_gmt":"2017-05-15T17:14:01","guid":{"rendered":"https:\/\/jusprev.org.br\/backup\/?p=9801"},"modified":"2017-05-15T14:14:01","modified_gmt":"2017-05-15T17:14:01","slug":"palestra-on-line-sobre-educacao-financeira","status":"publish","type":"post","link":"https:\/\/jusprev.org.br\/backup\/palestra-on-line-sobre-educacao-financeira\/","title":{"rendered":"Palestra on-line sobre Educa\u00e7\u00e3o Financeira"},"content":{"rendered":"<p style=\"text-align: justify;\">Nesta \u00faltima sexta-feira (11), dando in\u00edcio ao Programa de Educa\u00e7\u00e3o Financeira da JUSPREV, foi realizada a primeira palestra on-line com a Prof\u00aa. Myrian Lund, especialista em finan\u00e7as pessoais. O tema foi PLANEJAMENTO FINANCEIRO E VOC\u00ca. Se voc\u00ea n\u00e3o p\u00f4de acompanhar, <a href=\"https:\/\/jusprev.org.br\/backup\/wp-content\/uploads\/2017\/05\/PrimeiraPalestraProfMyrian.pdf\" target=\"_blank\">confira aqui um resumo com os principais pontos abordados nesta palestra<\/a>. Boa leitura!<\/p>\n","protected":false},"excerpt":{"rendered":"<p>Nesta \u00faltima sexta-feira (11), dando in\u00edcio ao Programa de Educa\u00e7\u00e3o Financeira da JUSPREV, foi realizada a primeira palestra on-line com a Prof\u00aa. Myrian Lund, especialista em finan\u00e7as pessoais. O tema&#8230;<\/p>\n","protected":false},"author":5,"featured_media":0,"comment_status":"closed","ping_status":"closed","sticky":false,"template":"","format":"standard","meta":{"footnotes":""},"categories":[31],"tags":[],"class_list":["post-9801","post","type-post","status-publish","format-standard","hentry","category-noticias"],"_links":{"self":[{"href":"https:\/\/jusprev.org.br\/backup\/wp-json\/wp\/v2\/posts\/9801","targetHints":{"allow":["GET"]}}],"collection":[{"href":"https:\/\/jusprev.org.br\/backup\/wp-json\/wp\/v2\/posts"}],"about":[{"href":"https:\/\/jusprev.org.br\/backup\/wp-json\/wp\/v2\/types\/post"}],"author":[{"embeddable":true,"href":"https:\/\/jusprev.org.br\/backup\/wp-json\/wp\/v2\/users\/5"}],"replies":[{"embeddable":true,"href":"https:\/\/jusprev.org.br\/backup\/wp-json\/wp\/v2\/comments?post=9801"}],"version-history":[{"count":0,"href":"https:\/\/jusprev.org.br\/backup\/wp-json\/wp\/v2\/posts\/9801\/revisions"}],"wp:attachment":[{"href":"https:\/\/jusprev.org.br\/backup\/wp-json\/wp\/v2\/media?parent=9801"}],"wp:term":[{"taxonomy":"category","embeddable":true,"href":"https:\/\/jusprev.org.br\/backup\/wp-json\/wp\/v2\/categories?post=9801"},{"taxonomy":"post_tag","embeddable":true,"href":"https:\/\/jusprev.org.br\/backup\/wp-json\/wp\/v2\/tags?post=9801"}],"curies":[{"name":"wp","href":"https:\/\/api.w.org\/{rel}","templated":true}]}}