{"id":9811,"date":"2017-05-18T14:19:55","date_gmt":"2017-05-18T17:19:55","guid":{"rendered":"https:\/\/jusprev.org.br\/backup\/?p=9811"},"modified":"2017-05-18T14:19:55","modified_gmt":"2017-05-18T17:19:55","slug":"educacao-financeira","status":"publish","type":"post","link":"https:\/\/jusprev.org.br\/backup\/educacao-financeira\/","title":{"rendered":"Educa\u00e7\u00e3o Financeira"},"content":{"rendered":"<p style=\"text-align: justify;\">Se voc\u00ea perdeu a palestra da Prof\u00aa. Myrian Lund realizada durante a 4\u00aa Semana Nacional de Educa\u00e7\u00e3o Financeira, aproveite esta nova chance.<\/p>\n<p style=\"text-align: justify;\">Em fun\u00e7\u00e3o da grande procura, nesta sexta-feira (19), \u00e0s 11 horas, voc\u00ea vai ter mais uma oportunidade para acompanhar a palestra, ao vivo, pelo endere\u00e7o <a href=\"http:\/\/www.school-network.net\/Event\/Join\/247282023727\" target=\"_blank\">http:\/\/www.school-network.net\/Event\/Join\/247282023727<\/a><\/p>\n<p style=\"text-align: justify;\">Para participar, basta se inscrever no site <a href=\"http:\/\/webinar.lundfinancas.com.br\" target=\"_blank\">http:\/\/webinar.lundfinancas.com.br<\/a> e voc\u00ea receber\u00e1 um e-mail com as instru\u00e7\u00f5es.<\/p>\n<p style=\"text-align: justify;\">Caso tenha alguma d\u00favida, ligue para 0800 052 3434 ou escreva para comunica\u00e7\u00e3o@jusprev.org.br<\/p>\n<p><a href=\"https:\/\/jusprev.org.br\/backup\/wp-content\/uploads\/2017\/05\/Educacao_Financeira-Professora.jpg\"><img loading=\"lazy\" decoding=\"async\" class=\"aligncenter size-medium wp-image-9812\" src=\"https:\/\/jusprev.org.br\/backup\/wp-content\/uploads\/2017\/05\/Educacao_Financeira-Professora-300x161.jpg\" alt=\"Educacao_Financeira-Professora\" width=\"300\" height=\"161\" \/><\/a><\/p>\n","protected":false},"excerpt":{"rendered":"<p>Se voc\u00ea perdeu a palestra da Prof\u00aa. Myrian Lund realizada durante a 4\u00aa Semana Nacional de Educa\u00e7\u00e3o Financeira, aproveite esta nova chance. Em fun\u00e7\u00e3o da grande procura, nesta sexta-feira (19),&#8230;<\/p>\n","protected":false},"author":5,"featured_media":0,"comment_status":"closed","ping_status":"closed","sticky":false,"template":"","format":"standard","meta":{"footnotes":""},"categories":[31],"tags":[],"class_list":["post-9811","post","type-post","status-publish","format-standard","hentry","category-noticias"],"_links":{"self":[{"href":"https:\/\/jusprev.org.br\/backup\/wp-json\/wp\/v2\/posts\/9811","targetHints":{"allow":["GET"]}}],"collection":[{"href":"https:\/\/jusprev.org.br\/backup\/wp-json\/wp\/v2\/posts"}],"about":[{"href":"https:\/\/jusprev.org.br\/backup\/wp-json\/wp\/v2\/types\/post"}],"author":[{"embeddable":true,"href":"https:\/\/jusprev.org.br\/backup\/wp-json\/wp\/v2\/users\/5"}],"replies":[{"embeddable":true,"href":"https:\/\/jusprev.org.br\/backup\/wp-json\/wp\/v2\/comments?post=9811"}],"version-history":[{"count":0,"href":"https:\/\/jusprev.org.br\/backup\/wp-json\/wp\/v2\/posts\/9811\/revisions"}],"wp:attachment":[{"href":"https:\/\/jusprev.org.br\/backup\/wp-json\/wp\/v2\/media?parent=9811"}],"wp:term":[{"taxonomy":"category","embeddable":true,"href":"https:\/\/jusprev.org.br\/backup\/wp-json\/wp\/v2\/categories?post=9811"},{"taxonomy":"post_tag","embeddable":true,"href":"https:\/\/jusprev.org.br\/backup\/wp-json\/wp\/v2\/tags?post=9811"}],"curies":[{"name":"wp","href":"https:\/\/api.w.org\/{rel}","templated":true}]}}