{"id":9817,"date":"2017-06-01T14:14:40","date_gmt":"2017-06-01T17:14:40","guid":{"rendered":"https:\/\/jusprev.org.br\/backup\/?p=9817"},"modified":"2017-06-01T14:14:40","modified_gmt":"2017-06-01T17:14:40","slug":"2a-reuniao-anual-do-comite-de-investimentos","status":"publish","type":"post","link":"https:\/\/jusprev.org.br\/backup\/2a-reuniao-anual-do-comite-de-investimentos\/","title":{"rendered":"2\u00aa Reuni\u00e3o Anual do Comit\u00ea de Investimentos"},"content":{"rendered":"<p style=\"text-align: justify;\">No dia 26 de maio foi realizada na sede da JUSPREV, em Curitiba, a segunda reuni\u00e3o anual do Comit\u00ea de Investimentos. Participaram o Presidente do Comit\u00ea, Fabio Bertoli Esmanhotto e os membros Felipe Locke Cavalcanti, Francisco Borges Ferreira Neto, Marco Aurelio Monteiro Tuoto, Maur\u00edcio Trevisan e William Lira de Souza. Al\u00e9m do Presidente e dos membros do Comit\u00ea, participou da reuni\u00e3o Marcio Humberto Gheller, Diretor Jur\u00eddico e de Benef\u00edcios da JUSPREV.<\/p>\n<p style=\"text-align: justify;\">Em pauta, a an\u00e1lise das rentabilidades do primeiro quadrimestre deste ano, o relat\u00f3rio de acompanhamento da pol\u00edtica de investimentos do primeiro trimestre de 2017 e demais assuntos de relev\u00e2ncia para o Comit\u00ea. A pr\u00f3xima reuni\u00e3o j\u00e1 est\u00e1 marcada e ser\u00e1 no dia 7 de julho, em Curitiba.<\/p>\n<p style=\"text-align: justify;\">\u201cO Comit\u00ea faz o acompanhamento dos investimentos geridos pela JUSPREV. N\u00f3s fazemos uma an\u00e1lise do cen\u00e1rio econ\u00f4mico no Brasil e no mundo e quais as perspectivas de investimento. A partir da\u00ed, verificamos se os ativos da JUSPREV est\u00e3o sendo devidamente geridos pelas empresas que foram contratadas para esta finalidade. Analisamos os resultados mensais e tra\u00e7amos uma estrat\u00e9gia para sempre alavancar esses ganhos, a m\u00e9dio e longo prazo. Assim temos a certeza do que fazer com os valores investidos pelos participantes\u201d, avalia Fabio Bertoli Esmanhotto, Presidente do Comit\u00ea de Investimentos.<\/p>\n<p style=\"text-align: justify;\">O Comit\u00ea de Investimentos \u00e9 composto por no m\u00e1ximo 8 (oito) membros, sob coordena\u00e7\u00e3o de um Presidente e todos s\u00e3o nomeados pelo Conselho Deliberativo da entidade para auxiliar a Diretoria Executiva.<\/p>\n<table border=\"0\">\n<tbody>\n<tr>\n<td><a href=\"https:\/\/jusprev.org.br\/backup\/wp-content\/uploads\/2017\/06\/Foto2-ReuniaoComitedeInvestimentos.jpg.jpg\"><img loading=\"lazy\" decoding=\"async\" class=\"alignleft size-medium wp-image-9818\" src=\"https:\/\/jusprev.org.br\/backup\/wp-content\/uploads\/2017\/06\/Foto2-ReuniaoComitedeInvestimentos.jpg-300x225.jpg\" alt=\"Foto2-ReuniaoComitedeInvestimentos.jpg\" width=\"300\" height=\"225\" \/><\/a><\/td>\n<\/tr>\n<tr>\n<td><a href=\"https:\/\/jusprev.org.br\/backup\/wp-content\/uploads\/2017\/06\/Foto1-ReuniaoComitedeInvestimentos.jpg\"><img loading=\"lazy\" decoding=\"async\" class=\"alignleft size-medium wp-image-9819\" src=\"https:\/\/jusprev.org.br\/backup\/wp-content\/uploads\/2017\/06\/Foto1-ReuniaoComitedeInvestimentos-300x192.jpg\" alt=\"Foto1-ReuniaoComitedeInvestimentos\" width=\"300\" height=\"192\" \/><\/a><\/td>\n<\/tr>\n<\/tbody>\n<\/table>\n","protected":false},"excerpt":{"rendered":"<p>No dia 26 de maio foi realizada na sede da JUSPREV, em Curitiba, a segunda reuni\u00e3o anual do Comit\u00ea de Investimentos. Participaram o Presidente do Comit\u00ea, Fabio Bertoli Esmanhotto e&#8230;<\/p>\n","protected":false},"author":5,"featured_media":0,"comment_status":"closed","ping_status":"closed","sticky":false,"template":"","format":"standard","meta":{"footnotes":""},"categories":[31],"tags":[],"class_list":["post-9817","post","type-post","status-publish","format-standard","hentry","category-noticias"],"_links":{"self":[{"href":"https:\/\/jusprev.org.br\/backup\/wp-json\/wp\/v2\/posts\/9817","targetHints":{"allow":["GET"]}}],"collection":[{"href":"https:\/\/jusprev.org.br\/backup\/wp-json\/wp\/v2\/posts"}],"about":[{"href":"https:\/\/jusprev.org.br\/backup\/wp-json\/wp\/v2\/types\/post"}],"author":[{"embeddable":true,"href":"https:\/\/jusprev.org.br\/backup\/wp-json\/wp\/v2\/users\/5"}],"replies":[{"embeddable":true,"href":"https:\/\/jusprev.org.br\/backup\/wp-json\/wp\/v2\/comments?post=9817"}],"version-history":[{"count":0,"href":"https:\/\/jusprev.org.br\/backup\/wp-json\/wp\/v2\/posts\/9817\/revisions"}],"wp:attachment":[{"href":"https:\/\/jusprev.org.br\/backup\/wp-json\/wp\/v2\/media?parent=9817"}],"wp:term":[{"taxonomy":"category","embeddable":true,"href":"https:\/\/jusprev.org.br\/backup\/wp-json\/wp\/v2\/categories?post=9817"},{"taxonomy":"post_tag","embeddable":true,"href":"https:\/\/jusprev.org.br\/backup\/wp-json\/wp\/v2\/tags?post=9817"}],"curies":[{"name":"wp","href":"https:\/\/api.w.org\/{rel}","templated":true}]}}