{"id":9830,"date":"2017-06-05T11:35:11","date_gmt":"2017-06-05T14:35:11","guid":{"rendered":"https:\/\/jusprev.org.br\/backup\/?p=9830"},"modified":"2017-06-05T11:35:11","modified_gmt":"2017-06-05T14:35:11","slug":"educacao-financeira-com-a-profa-myrian-lund","status":"publish","type":"post","link":"https:\/\/jusprev.org.br\/backup\/educacao-financeira-com-a-profa-myrian-lund\/","title":{"rendered":"Educa\u00e7\u00e3o Financeira com a Prof\u00aa Myrian Lund"},"content":{"rendered":"<p style=\"text-align: justify;\"><a href=\"https:\/\/jusprev.org.br\/backup\/wp-content\/uploads\/2017\/06\/Modulo-1_Relacao_com_o_Dinheiro_Myrian_Lund.pdf\" target=\"_blank\">Confira aqui<\/a>, na \u00edntegra, as dicas da Prof\u00aa Myrian Lund sobre <strong>Rela\u00e7\u00e3o com Dinheiro e Qualidade de Vida<\/strong>. Este \u00e9 o primeiro m\u00f3dulo do curso de Educa\u00e7\u00e3o Financeira que a especialista est\u00e1 realizando para os participantes da JUSPREV. Todos os meses voc\u00ea vai poder acompanhar as orienta\u00e7\u00f5es da planejadora financeira em nosso Informativo, no site e tamb\u00e9m pelo Webinar, atrav\u00e9s de palestras on-line.<\/p>\n","protected":false},"excerpt":{"rendered":"<p>Confira aqui, na \u00edntegra, as dicas da Prof\u00aa Myrian Lund sobre Rela\u00e7\u00e3o com Dinheiro e Qualidade de Vida. Este \u00e9 o primeiro m\u00f3dulo do curso de Educa\u00e7\u00e3o Financeira que a&#8230;<\/p>\n","protected":false},"author":5,"featured_media":0,"comment_status":"closed","ping_status":"closed","sticky":false,"template":"","format":"standard","meta":{"footnotes":""},"categories":[31],"tags":[],"class_list":["post-9830","post","type-post","status-publish","format-standard","hentry","category-noticias"],"_links":{"self":[{"href":"https:\/\/jusprev.org.br\/backup\/wp-json\/wp\/v2\/posts\/9830","targetHints":{"allow":["GET"]}}],"collection":[{"href":"https:\/\/jusprev.org.br\/backup\/wp-json\/wp\/v2\/posts"}],"about":[{"href":"https:\/\/jusprev.org.br\/backup\/wp-json\/wp\/v2\/types\/post"}],"author":[{"embeddable":true,"href":"https:\/\/jusprev.org.br\/backup\/wp-json\/wp\/v2\/users\/5"}],"replies":[{"embeddable":true,"href":"https:\/\/jusprev.org.br\/backup\/wp-json\/wp\/v2\/comments?post=9830"}],"version-history":[{"count":0,"href":"https:\/\/jusprev.org.br\/backup\/wp-json\/wp\/v2\/posts\/9830\/revisions"}],"wp:attachment":[{"href":"https:\/\/jusprev.org.br\/backup\/wp-json\/wp\/v2\/media?parent=9830"}],"wp:term":[{"taxonomy":"category","embeddable":true,"href":"https:\/\/jusprev.org.br\/backup\/wp-json\/wp\/v2\/categories?post=9830"},{"taxonomy":"post_tag","embeddable":true,"href":"https:\/\/jusprev.org.br\/backup\/wp-json\/wp\/v2\/tags?post=9830"}],"curies":[{"name":"wp","href":"https:\/\/api.w.org\/{rel}","templated":true}]}}