{"id":9834,"date":"2017-06-06T13:48:12","date_gmt":"2017-06-06T16:48:12","guid":{"rendered":"https:\/\/jusprev.org.br\/backup\/?p=9834"},"modified":"2017-06-06T13:48:12","modified_gmt":"2017-06-06T16:48:12","slug":"reuniao-diretoria-executiva-jusprev","status":"publish","type":"post","link":"https:\/\/jusprev.org.br\/backup\/reuniao-diretoria-executiva-jusprev\/","title":{"rendered":"Reuni\u00e3o Diretoria Executiva JUSPREV"},"content":{"rendered":"<p style=\"text-align: justify;\"><a href=\"https:\/\/jusprev.org.br\/backup\/wp-content\/uploads\/2017\/06\/FotoReuniaoDiretoriaExecutivaJUNHO2017.jpg\"><img loading=\"lazy\" decoding=\"async\" class=\"alignleft size-medium wp-image-9835\" src=\"https:\/\/jusprev.org.br\/backup\/wp-content\/uploads\/2017\/06\/FotoReuniaoDiretoriaExecutivaJUNHO2017-300x225.jpg\" alt=\"FotoReuniaoDiretoriaExecutivaJUNHO2017\" width=\"300\" height=\"225\" \/><\/a>Nesta ter\u00e7a-feira (6), foi realizada em Curitiba mais uma reuni\u00e3o da Diretoria Executiva da JUSPREV. Estiveram presentes a Diretora-Presidente Antonia L\u00e9lia Neves Sanches, o Diretor Administrativo-Financeiro Jair Eduardo Santana e o Diretor Jur\u00eddico e de Benef\u00edcios Marcio Humberto Gheller. Tamb\u00e9m acompanhou o encontro a Gerente Institucional Deborah Maggio.<\/p>\n<p style=\"text-align: justify;\">Em pauta, v\u00e1rios assuntos de interesse da entidade. \u201cA Diretoria se re\u00fane periodicamente, por disposi\u00e7\u00e3o regimental, para que mantenha alinhadas todas as estrat\u00e9gias da JUSPREV. Nessas reuni\u00f5es tamb\u00e9m s\u00e3o tratadas as quest\u00f5es relacionadas \u00e0s gest\u00f5es administrativa e financeira. A pauta \u00e9 extensa e esse alinhamento se faz necess\u00e1rio porque, nesse crescimento cont\u00ednuo da entidade, h\u00e1 v\u00e1rios assuntos importantes a serem discutidos. O que \u00e9 decidido aqui \u00e9 levado \u00e0s inst\u00e2ncias decis\u00f3rias competentes, como o Col\u00e9gio de Instituidoras e o Conselho Deliberativo. Sendo assim, essas reuni\u00f5es s\u00e3o essenciais para determinar rumos e solidificar tudo aquilo que a JUSPREV j\u00e1 \u00e9\u201d, avalia Jair Eduardo Santana.<\/p>\n","protected":false},"excerpt":{"rendered":"<p>Nesta ter\u00e7a-feira (6), foi realizada em Curitiba mais uma reuni\u00e3o da Diretoria Executiva da JUSPREV. Estiveram presentes a Diretora-Presidente Antonia L\u00e9lia Neves Sanches, o Diretor Administrativo-Financeiro Jair Eduardo Santana e&#8230;<\/p>\n","protected":false},"author":5,"featured_media":0,"comment_status":"closed","ping_status":"closed","sticky":false,"template":"","format":"standard","meta":{"footnotes":""},"categories":[31],"tags":[],"class_list":["post-9834","post","type-post","status-publish","format-standard","hentry","category-noticias"],"_links":{"self":[{"href":"https:\/\/jusprev.org.br\/backup\/wp-json\/wp\/v2\/posts\/9834","targetHints":{"allow":["GET"]}}],"collection":[{"href":"https:\/\/jusprev.org.br\/backup\/wp-json\/wp\/v2\/posts"}],"about":[{"href":"https:\/\/jusprev.org.br\/backup\/wp-json\/wp\/v2\/types\/post"}],"author":[{"embeddable":true,"href":"https:\/\/jusprev.org.br\/backup\/wp-json\/wp\/v2\/users\/5"}],"replies":[{"embeddable":true,"href":"https:\/\/jusprev.org.br\/backup\/wp-json\/wp\/v2\/comments?post=9834"}],"version-history":[{"count":0,"href":"https:\/\/jusprev.org.br\/backup\/wp-json\/wp\/v2\/posts\/9834\/revisions"}],"wp:attachment":[{"href":"https:\/\/jusprev.org.br\/backup\/wp-json\/wp\/v2\/media?parent=9834"}],"wp:term":[{"taxonomy":"category","embeddable":true,"href":"https:\/\/jusprev.org.br\/backup\/wp-json\/wp\/v2\/categories?post=9834"},{"taxonomy":"post_tag","embeddable":true,"href":"https:\/\/jusprev.org.br\/backup\/wp-json\/wp\/v2\/tags?post=9834"}],"curies":[{"name":"wp","href":"https:\/\/api.w.org\/{rel}","templated":true}]}}