{"id":9860,"date":"2017-06-23T12:35:41","date_gmt":"2017-06-23T15:35:41","guid":{"rendered":"https:\/\/jusprev.org.br\/backup\/?p=9860"},"modified":"2017-06-23T12:35:41","modified_gmt":"2017-06-23T15:35:41","slug":"jusprev-ainda-mais-proxima-de-suas-instituidoras","status":"publish","type":"post","link":"https:\/\/jusprev.org.br\/backup\/jusprev-ainda-mais-proxima-de-suas-instituidoras\/","title":{"rendered":"JUSPREV ainda mais pr\u00f3xima de suas instituidoras"},"content":{"rendered":"<p style=\"text-align: justify;\">Na perspectiva de fomentar a JUSPREV e os benef\u00edcios que oferece aos associados de nossas instituidoras, Deborah Maggio, gerente da entidade, cumpre agenda de visitas nas regi\u00f5es Sudeste e Norte. Ontem (21), na companhia da consultora Carolina Dutra, a gerente esteve em Belo Horizonte (MG) para um encontro com associados da Associa\u00e7\u00e3o dos Magistrados da Justi\u00e7a do Trabalho da 3\u00aa Regi\u00e3o (AMATRA 3).<\/p>\n<p style=\"text-align: justify;\">Hoje, Deborah visita a Associa\u00e7\u00e3o dos Procuradores do Estado do Par\u00e1 e a Associa\u00e7\u00e3o do Minist\u00e9rio P\u00fablico do Estado do Par\u00e1. J\u00e1 amanh\u00e3, os compromissos s\u00e3o na Associa\u00e7\u00e3o dos Defensores P\u00fablicos do Estado do Par\u00e1, na Associa\u00e7\u00e3o dos Magistrados do Trabalho da 8\u00aa Regi\u00e3o e na Associa\u00e7\u00e3o dos Magistrados do Estado do Par\u00e1, oportunidade na qual ministrar\u00e1 palestra durante a Assembleia Geral da entidade. Deborah estar\u00e1 acompanhada do consultor exclusivo para a regi\u00e3o Norte, Fabio Roger de Souza.<\/p>\n<p style=\"text-align: justify;\">As viagens institucionais fazem parte do plano de a\u00e7\u00e3o que visa ampliar os horizontes e o alcance da JUSPREV e, t\u00e3o importante quanto, se aproximar cada vez mais das instituidoras e de seus associados.<\/p>\n<p style=\"text-align: justify;\">H\u00e1 outras viagens marcadas para os pr\u00f3ximos meses. O objetivo da a\u00e7\u00e3o \u00e9 visitar o maior n\u00famero de instituidoras poss\u00edveis ainda este ano. Hoje a JUSPREV \u00e9 composta por 56 instituidoras e conta com quase 3 mil participantes em todo o Brasil.<\/p>\n","protected":false},"excerpt":{"rendered":"<p>Na perspectiva de fomentar a JUSPREV e os benef\u00edcios que oferece aos associados de nossas instituidoras, Deborah Maggio, gerente da entidade, cumpre agenda de visitas nas regi\u00f5es Sudeste e Norte&#8230;.<\/p>\n","protected":false},"author":5,"featured_media":0,"comment_status":"closed","ping_status":"closed","sticky":false,"template":"","format":"standard","meta":{"footnotes":""},"categories":[31],"tags":[],"class_list":["post-9860","post","type-post","status-publish","format-standard","hentry","category-noticias"],"_links":{"self":[{"href":"https:\/\/jusprev.org.br\/backup\/wp-json\/wp\/v2\/posts\/9860","targetHints":{"allow":["GET"]}}],"collection":[{"href":"https:\/\/jusprev.org.br\/backup\/wp-json\/wp\/v2\/posts"}],"about":[{"href":"https:\/\/jusprev.org.br\/backup\/wp-json\/wp\/v2\/types\/post"}],"author":[{"embeddable":true,"href":"https:\/\/jusprev.org.br\/backup\/wp-json\/wp\/v2\/users\/5"}],"replies":[{"embeddable":true,"href":"https:\/\/jusprev.org.br\/backup\/wp-json\/wp\/v2\/comments?post=9860"}],"version-history":[{"count":0,"href":"https:\/\/jusprev.org.br\/backup\/wp-json\/wp\/v2\/posts\/9860\/revisions"}],"wp:attachment":[{"href":"https:\/\/jusprev.org.br\/backup\/wp-json\/wp\/v2\/media?parent=9860"}],"wp:term":[{"taxonomy":"category","embeddable":true,"href":"https:\/\/jusprev.org.br\/backup\/wp-json\/wp\/v2\/categories?post=9860"},{"taxonomy":"post_tag","embeddable":true,"href":"https:\/\/jusprev.org.br\/backup\/wp-json\/wp\/v2\/tags?post=9860"}],"curies":[{"name":"wp","href":"https:\/\/api.w.org\/{rel}","templated":true}]}}