{"id":9862,"date":"2017-06-23T14:46:12","date_gmt":"2017-06-23T17:46:12","guid":{"rendered":"https:\/\/jusprev.org.br\/backup\/?p=9862"},"modified":"2017-06-23T14:46:12","modified_gmt":"2017-06-23T17:46:12","slug":"jusprev-visita-adpep","status":"publish","type":"post","link":"https:\/\/jusprev.org.br\/backup\/jusprev-visita-adpep\/","title":{"rendered":"JUSPREV visita ADPEP"},"content":{"rendered":"<p style=\"background: white; margin: 0cm 0cm 4.5pt 0cm;\"><span style=\"font-size: 10.5pt; font-family: 'Helvetica',sans-serif; color: #1d2129;\">Entrevista com a Gerente Geral da JUSPREV Deborah Maggio e com o consultor previdenci\u00e1rio Fabio Roger de Souza durante visita \u00e0 Associa\u00e7\u00e3o dos Defensores P\u00fablicos do Estado do Par\u00e1 (ADPEP).<\/span><\/p>\n<p><iframe loading=\"lazy\" title=\"Bate-papo com representantes da JusPrev\" width=\"500\" height=\"281\" src=\"https:\/\/www.youtube.com\/embed\/cqiY8S8bG6U?feature=oembed\" frameborder=\"0\" allow=\"accelerometer; autoplay; clipboard-write; encrypted-media; gyroscope; picture-in-picture; web-share\" referrerpolicy=\"strict-origin-when-cross-origin\" allowfullscreen><\/iframe><\/p>\n","protected":false},"excerpt":{"rendered":"<p>Entrevista com a Gerente Geral da JUSPREV Deborah Maggio e com o consultor previdenci\u00e1rio Fabio Roger de Souza durante visita \u00e0 Associa\u00e7\u00e3o dos Defensores P\u00fablicos do Estado do Par\u00e1 (ADPEP).<\/p>\n","protected":false},"author":5,"featured_media":0,"comment_status":"closed","ping_status":"closed","sticky":false,"template":"","format":"standard","meta":{"footnotes":""},"categories":[31],"tags":[],"class_list":["post-9862","post","type-post","status-publish","format-standard","hentry","category-noticias"],"_links":{"self":[{"href":"https:\/\/jusprev.org.br\/backup\/wp-json\/wp\/v2\/posts\/9862","targetHints":{"allow":["GET"]}}],"collection":[{"href":"https:\/\/jusprev.org.br\/backup\/wp-json\/wp\/v2\/posts"}],"about":[{"href":"https:\/\/jusprev.org.br\/backup\/wp-json\/wp\/v2\/types\/post"}],"author":[{"embeddable":true,"href":"https:\/\/jusprev.org.br\/backup\/wp-json\/wp\/v2\/users\/5"}],"replies":[{"embeddable":true,"href":"https:\/\/jusprev.org.br\/backup\/wp-json\/wp\/v2\/comments?post=9862"}],"version-history":[{"count":0,"href":"https:\/\/jusprev.org.br\/backup\/wp-json\/wp\/v2\/posts\/9862\/revisions"}],"wp:attachment":[{"href":"https:\/\/jusprev.org.br\/backup\/wp-json\/wp\/v2\/media?parent=9862"}],"wp:term":[{"taxonomy":"category","embeddable":true,"href":"https:\/\/jusprev.org.br\/backup\/wp-json\/wp\/v2\/categories?post=9862"},{"taxonomy":"post_tag","embeddable":true,"href":"https:\/\/jusprev.org.br\/backup\/wp-json\/wp\/v2\/tags?post=9862"}],"curies":[{"name":"wp","href":"https:\/\/api.w.org\/{rel}","templated":true}]}}