{"id":9914,"date":"2017-08-03T14:12:40","date_gmt":"2017-08-03T17:12:40","guid":{"rendered":"https:\/\/jusprev.org.br\/backup\/?p=9914"},"modified":"2017-08-03T14:12:40","modified_gmt":"2017-08-03T17:12:40","slug":"2a-reuniao-dos-orgaos-colegiados-em-curitiba","status":"publish","type":"post","link":"https:\/\/jusprev.org.br\/backup\/2a-reuniao-dos-orgaos-colegiados-em-curitiba\/","title":{"rendered":"2\u00aa Reuni\u00e3o dos \u00d3rg\u00e3os Colegiados em Curitiba"},"content":{"rendered":"<p style=\"text-align: justify;\">A segunda reuni\u00e3o anual dos \u00d3rg\u00e3os Colegiados da JUSPREV foi realizada no dia 28 de julho, na sede da Associa\u00e7\u00e3o dos Procuradores do Estado do Paran\u00e1 (APEP). Na pauta, diversos assuntos de relev\u00e2ncia para a entidade, como a escolha da nova Asset.<\/p>\n<p style=\"text-align: justify;\">A Asset indicada pelo Comit\u00ea de Investimentos, durante reuni\u00e3o realizada pela manh\u00e3, foi submetida \u00e0 aprova\u00e7\u00e3o do Conselho Deliberativo e do Col\u00e9gio de Instituidoras \u00e0s 14 horas. Por determina\u00e7\u00e3o dos mesmos, a Icatu Vanguarda foi a Asset escolhida para gest\u00e3o de cerca de 50 milh\u00f5es de reais de patrim\u00f4nio dos participantes.<\/p>\n<p style=\"text-align: justify;\">Estiveram presentes na reuni\u00e3o Antonia L\u00e9lia Neves Sanches (Diretora-Presidente), Jair Eduardo Santana (Diretor Administrativo-Financeiro e AETQ da entidade), Marcio Humberto Gheller (Diretor Jur\u00eddico e de Benef\u00edcios), Alcino Oliveira de Moraes, \u00a0Antonio Pimenta Gon\u00e7alves, Flodesmidt Riani, Vera Grace Paranagu\u00e1 Cunha e Virgilio Panagiotis Stavridis (membros do Conselho Deliberativo). Tamb\u00e9m participaram Fabio Bertoli Esmanhotto (Presidente do Comit\u00ea de Investimentos), Felipe Locke Cavalcanti, Francisco Borges Ferreira Neto, Gerv\u00e1sio dos Santos J\u00fanior, Maur\u00edcio Trevisan, Miguel Arcanjo Simas N\u00f4vo e Willian Lira de Souza (membros do Comit\u00ea de Investimentos). A reuni\u00e3o tamb\u00e9m contou com a presen\u00e7a de Luciano da Silva (Consultor da Aditus) e de Fabio Costa Gonzaga (Membro do Conselho Fiscal).<\/p>\n<p style=\"text-align: justify;\">O Col\u00e9gio de Instituidoras tamb\u00e9m se fez presente. Participaram da reuni\u00e3o os Presidentes Luciano C\u00e9sar Casaroti (Associa\u00e7\u00e3o Tocantinense do Minist\u00e9rio P\u00fablico), Julianne Freire Marques (Associa\u00e7\u00e3o dos Magistrados do Estado de Tocantins) e Marcelino Rodrigues (Associa\u00e7\u00e3o Nacional dos Advogados P\u00fablicos Federais). Al\u00e9m dos Presidentes presentes, as Instituidoras AMPAP, AMPERJ, AMPRS, AMB, AMATRA XV, AMATRA 2, AMERON, AMMA, AMAGIS, APESP, APEP, AMMP, AMPCON, ANMPM, ANFIP, ANPR, ANAPE, AAPE, APMPPR, APAMAGIS e APMPSP marcaram presen\u00e7a atrav\u00e9s dos procuradores nomeados por seus presidentes, os quais, munidos de procura\u00e7\u00e3o, puderam opinar e deliberar sobre os assuntos pautados.<\/p>\n<p><a href=\"https:\/\/jusprev.org.br\/backup\/wp-content\/uploads\/2017\/08\/2aReuniaodosOrgaosColegiadosemCuritiba_ft1.jpg\"><img loading=\"lazy\" decoding=\"async\" class=\"alignleft size-medium wp-image-9915\" src=\"https:\/\/jusprev.org.br\/backup\/wp-content\/uploads\/2017\/08\/2aReuniaodosOrgaosColegiadosemCuritiba_ft1-300x153.jpg\" alt=\"2aReuniaodosOrgaosColegiadosemCuritiba_ft1\" width=\"300\" height=\"153\" \/><\/a><\/p>\n","protected":false},"excerpt":{"rendered":"<p>A segunda reuni\u00e3o anual dos \u00d3rg\u00e3os Colegiados da JUSPREV foi realizada no dia 28 de julho, na sede da Associa\u00e7\u00e3o dos Procuradores do Estado do Paran\u00e1 (APEP). Na pauta, diversos&#8230;<\/p>\n","protected":false},"author":5,"featured_media":0,"comment_status":"closed","ping_status":"closed","sticky":false,"template":"","format":"standard","meta":{"footnotes":""},"categories":[31],"tags":[],"class_list":["post-9914","post","type-post","status-publish","format-standard","hentry","category-noticias"],"_links":{"self":[{"href":"https:\/\/jusprev.org.br\/backup\/wp-json\/wp\/v2\/posts\/9914","targetHints":{"allow":["GET"]}}],"collection":[{"href":"https:\/\/jusprev.org.br\/backup\/wp-json\/wp\/v2\/posts"}],"about":[{"href":"https:\/\/jusprev.org.br\/backup\/wp-json\/wp\/v2\/types\/post"}],"author":[{"embeddable":true,"href":"https:\/\/jusprev.org.br\/backup\/wp-json\/wp\/v2\/users\/5"}],"replies":[{"embeddable":true,"href":"https:\/\/jusprev.org.br\/backup\/wp-json\/wp\/v2\/comments?post=9914"}],"version-history":[{"count":0,"href":"https:\/\/jusprev.org.br\/backup\/wp-json\/wp\/v2\/posts\/9914\/revisions"}],"wp:attachment":[{"href":"https:\/\/jusprev.org.br\/backup\/wp-json\/wp\/v2\/media?parent=9914"}],"wp:term":[{"taxonomy":"category","embeddable":true,"href":"https:\/\/jusprev.org.br\/backup\/wp-json\/wp\/v2\/categories?post=9914"},{"taxonomy":"post_tag","embeddable":true,"href":"https:\/\/jusprev.org.br\/backup\/wp-json\/wp\/v2\/tags?post=9914"}],"curies":[{"name":"wp","href":"https:\/\/api.w.org\/{rel}","templated":true}]}}