{"id":9932,"date":"2017-08-08T12:25:31","date_gmt":"2017-08-08T15:25:31","guid":{"rendered":"https:\/\/jusprev.org.br\/backup\/?p=9932"},"modified":"2017-08-08T12:25:31","modified_gmt":"2017-08-08T15:25:31","slug":"jusprev-presente-no-12o-enapc","status":"publish","type":"post","link":"https:\/\/jusprev.org.br\/backup\/jusprev-presente-no-12o-enapc\/","title":{"rendered":"JUSPREV presente no 12\u00ba ENAPC"},"content":{"rendered":"<p style=\"text-align: justify;\"><a href=\"https:\/\/jusprev.org.br\/backup\/wp-content\/uploads\/2017\/08\/JUSPREVpresenteno12ENAPC.jpg\"><img loading=\"lazy\" decoding=\"async\" class=\"alignleft size-medium wp-image-9933\" src=\"https:\/\/jusprev.org.br\/backup\/wp-content\/uploads\/2017\/08\/JUSPREVpresenteno12ENAPC-300x266.jpg\" alt=\"JUSPREVpresenteno12ENAPC\" width=\"300\" height=\"266\" \/><\/a>Termina hoje (8) em S\u00e3o Paulo a 12\u00aa edi\u00e7\u00e3o do Encontro Nacional de Advogados das Entidades Fechadas de Previd\u00eancia Complementar. Foram dois dias de debates acerca das oportunidades e desafios oferecidos pelo atual cen\u00e1rio previdenci\u00e1rio brasileiro.<\/p>\n<p style=\"text-align: justify;\">\nAs discuss\u00f5es da agenda foram divididas em tr\u00eas grandes blocos tem\u00e1ticos: risco legal, risco judici\u00e1rio e risco regulat\u00f3rio. Tudo isso com objetivo m\u00e1ximo da preven\u00e7\u00e3o dos riscos jur\u00eddicos e do fomento do Sistema.<\/p>\n<p style=\"text-align: justify;\">\nA JUSPREV esteve presente na 12\u00aa ENAPC. Fabio Bertoli Esmanhotto (Presidente do Comit\u00ea de Investimentos da JUSPREV) e Fabio Costa Gonzaga (membro do Conselho Fiscal) representaram a entidade.<\/p>\n","protected":false},"excerpt":{"rendered":"<p>Termina hoje (8) em S\u00e3o Paulo a 12\u00aa edi\u00e7\u00e3o do Encontro Nacional de Advogados das Entidades Fechadas de Previd\u00eancia Complementar. Foram dois dias de debates acerca das oportunidades e desafios&#8230;<\/p>\n","protected":false},"author":5,"featured_media":0,"comment_status":"closed","ping_status":"closed","sticky":false,"template":"","format":"standard","meta":{"footnotes":""},"categories":[31],"tags":[],"class_list":["post-9932","post","type-post","status-publish","format-standard","hentry","category-noticias"],"_links":{"self":[{"href":"https:\/\/jusprev.org.br\/backup\/wp-json\/wp\/v2\/posts\/9932","targetHints":{"allow":["GET"]}}],"collection":[{"href":"https:\/\/jusprev.org.br\/backup\/wp-json\/wp\/v2\/posts"}],"about":[{"href":"https:\/\/jusprev.org.br\/backup\/wp-json\/wp\/v2\/types\/post"}],"author":[{"embeddable":true,"href":"https:\/\/jusprev.org.br\/backup\/wp-json\/wp\/v2\/users\/5"}],"replies":[{"embeddable":true,"href":"https:\/\/jusprev.org.br\/backup\/wp-json\/wp\/v2\/comments?post=9932"}],"version-history":[{"count":0,"href":"https:\/\/jusprev.org.br\/backup\/wp-json\/wp\/v2\/posts\/9932\/revisions"}],"wp:attachment":[{"href":"https:\/\/jusprev.org.br\/backup\/wp-json\/wp\/v2\/media?parent=9932"}],"wp:term":[{"taxonomy":"category","embeddable":true,"href":"https:\/\/jusprev.org.br\/backup\/wp-json\/wp\/v2\/categories?post=9932"},{"taxonomy":"post_tag","embeddable":true,"href":"https:\/\/jusprev.org.br\/backup\/wp-json\/wp\/v2\/tags?post=9932"}],"curies":[{"name":"wp","href":"https:\/\/api.w.org\/{rel}","templated":true}]}}