{"id":9936,"date":"2017-08-08T17:11:28","date_gmt":"2017-08-08T20:11:28","guid":{"rendered":"https:\/\/jusprev.org.br\/backup\/?p=9936"},"modified":"2017-08-08T17:11:28","modified_gmt":"2017-08-08T20:11:28","slug":"educacao-financeira-com-a-professora-myrian-lund-modulo-3","status":"publish","type":"post","link":"https:\/\/jusprev.org.br\/backup\/educacao-financeira-com-a-professora-myrian-lund-modulo-3\/","title":{"rendered":"Educa\u00e7\u00e3o Financeira com a Professora Myrian Lund \u2013 M\u00f3dulo 3"},"content":{"rendered":"<p style=\"text-align: justify;\">Confira aqui, na \u00edntegra, as dicas da Prof\u00aa Myrian Lund sobre como uma vida financeira bem organizada pode garantir a realiza\u00e7\u00e3o de seus sonhos e a conquista de objetivos pessoais. Como b\u00f4nus, este m\u00eas voc\u00ea ainda confere um outro artigo escrito pela Professora que aborda as dificuldades que todo comprador tem para dizer n\u00e3o ao vendedor. \u00c9 s\u00f3 fazer o download dos arquivos e aproveitar a leitura!<\/p>\n<ul>\n<li style=\"text-align: left;\"><a href=\"https:\/\/jusprev.org.br\/backup\/wp-content\/uploads\/2017\/08\/MyrianLund-Julho-Site-MaterialCompleto.pdf\" target=\"_blank\">Organiza\u00e7\u00e3o Financeira \u2013 Planilhas e Balan\u00e7o<\/a><\/li>\n<li style=\"text-align: left;\"><a href=\"https:\/\/jusprev.org.br\/backup\/wp-content\/uploads\/2017\/08\/TextoadicionalMyrianLund.pdf\" target=\"_blank\">Por que \u00e9 t\u00e3o dif\u00edcil para o comprador dizer N\u00c3O?<\/a><\/li>\n<\/ul>\n<p style=\"text-align: justify;\">Este j\u00e1 \u00e9 o terceiro m\u00f3dulo do curso de Educa\u00e7\u00e3o Financeira que a especialista est\u00e1 realizando para os participantes da JUSPREV. Todos os meses voc\u00ea vai poder acompanhar as orienta\u00e7\u00f5es da planejadora financeira em nosso Informativo, no site e tamb\u00e9m pelo Webinar, atrav\u00e9s de palestras on-line.<\/p>\n","protected":false},"excerpt":{"rendered":"<p>Confira aqui, na \u00edntegra, as dicas da Prof\u00aa Myrian Lund sobre como uma vida financeira bem organizada pode garantir a realiza\u00e7\u00e3o de seus sonhos e a conquista de objetivos pessoais&#8230;.<\/p>\n","protected":false},"author":5,"featured_media":0,"comment_status":"closed","ping_status":"closed","sticky":false,"template":"","format":"standard","meta":{"footnotes":""},"categories":[31],"tags":[],"class_list":["post-9936","post","type-post","status-publish","format-standard","hentry","category-noticias"],"_links":{"self":[{"href":"https:\/\/jusprev.org.br\/backup\/wp-json\/wp\/v2\/posts\/9936","targetHints":{"allow":["GET"]}}],"collection":[{"href":"https:\/\/jusprev.org.br\/backup\/wp-json\/wp\/v2\/posts"}],"about":[{"href":"https:\/\/jusprev.org.br\/backup\/wp-json\/wp\/v2\/types\/post"}],"author":[{"embeddable":true,"href":"https:\/\/jusprev.org.br\/backup\/wp-json\/wp\/v2\/users\/5"}],"replies":[{"embeddable":true,"href":"https:\/\/jusprev.org.br\/backup\/wp-json\/wp\/v2\/comments?post=9936"}],"version-history":[{"count":0,"href":"https:\/\/jusprev.org.br\/backup\/wp-json\/wp\/v2\/posts\/9936\/revisions"}],"wp:attachment":[{"href":"https:\/\/jusprev.org.br\/backup\/wp-json\/wp\/v2\/media?parent=9936"}],"wp:term":[{"taxonomy":"category","embeddable":true,"href":"https:\/\/jusprev.org.br\/backup\/wp-json\/wp\/v2\/categories?post=9936"},{"taxonomy":"post_tag","embeddable":true,"href":"https:\/\/jusprev.org.br\/backup\/wp-json\/wp\/v2\/tags?post=9936"}],"curies":[{"name":"wp","href":"https:\/\/api.w.org\/{rel}","templated":true}]}}