{"id":9966,"date":"2017-08-28T12:13:29","date_gmt":"2017-08-28T15:13:29","guid":{"rendered":"https:\/\/jusprev.org.br\/backup\/?p=9966"},"modified":"2017-08-28T12:13:29","modified_gmt":"2017-08-28T15:13:29","slug":"jusprev-palestra-durante-visita-a-associacao-do-ministerio-publico-do-estado-do-para","status":"publish","type":"post","link":"https:\/\/jusprev.org.br\/backup\/jusprev-palestra-durante-visita-a-associacao-do-ministerio-publico-do-estado-do-para\/","title":{"rendered":"JUSPREV palestra durante visita \u00e0 Associa\u00e7\u00e3o do Minist\u00e9rio P\u00fablico do Estado do Par\u00e1"},"content":{"rendered":"<p><a href=\"https:\/\/jusprev.org.br\/backup\/wp-content\/uploads\/2017\/08\/JUSPREVeAMPEPFoto.jpg\"><img loading=\"lazy\" decoding=\"async\" class=\"alignleft size-medium wp-image-9967\" src=\"https:\/\/jusprev.org.br\/backup\/wp-content\/uploads\/2017\/08\/JUSPREVeAMPEPFoto-300x216.jpg\" alt=\"JUSPREVeAMPEPFoto\" width=\"300\" height=\"216\" \/><\/a><\/p>\n<p align=\"justify\">Na \u00faltima sexta-feira (25), a Gerente Geral da JUSPREV Deborah Maggio, acompanhada do consultor da Regi\u00e3o Norte, Fabio Roger, fizeram uma nova visita \u00e0 sede social da Associa\u00e7\u00e3o do Minist\u00e9rio P\u00fablico do Estado do Par\u00e1 (AMPEP). Eles foram recebidos pelo presidente da AMPEP, Manoel Murrieta.<\/p>\n<p align=\"justify\">A AMPEP \u00e9 uma das associa\u00e7\u00f5es de carreiras que manifestou claro interesse em se tornar uma nova instituidora da JUSPREV. Obedecendo aos tr\u00e2mites legais, a mesma j\u00e1 encaminhou os documentos necess\u00e1rios \u00e0 ades\u00e3o e o processo agora est\u00e1 sob an\u00e1lise da PREVIC.<\/p>\n<p align=\"justify\">Na oportunidade, Deborah palestrou para diversos associados da AMPEP e apresentou as vantagens do PLANJUS \u2013 o plano de benef\u00edcios previdenci\u00e1rios da JUPSREV. A palestra tamb\u00e9m foi transmitida ao vivo pela internet, gerando centenas de visualiza\u00e7\u00f5es.<\/p>\n<p align=\"justify\">\u201cA AMPEP \u00e9 a mais nova instituidora da JUSPREV. At\u00e9 dezembro, as instituidoras que aderirem \u00e0 JUSPREV n\u00e3o pagar\u00e3o as taxas de cria\u00e7\u00e3o e ades\u00e3o. Nesse momento, estamos tendo in\u00fameros pedidos de ades\u00e3o \u2013 que ser\u00e3o submetidos \u00e0 an\u00e1lise da PREVIC para posterior aprova\u00e7\u00e3o. \u00c9 importante a ades\u00e3o de novas instituidoras para fomentar ainda mais a Previd\u00eancia Complementar Associativa no Brasil\u201d, avalia Deborah.<\/p>\n","protected":false},"excerpt":{"rendered":"<p>Na \u00faltima sexta-feira (25), a Gerente Geral da JUSPREV Deborah Maggio, acompanhada do consultor da Regi\u00e3o Norte, Fabio Roger, fizeram uma nova visita \u00e0 sede social da Associa\u00e7\u00e3o do Minist\u00e9rio&#8230;<\/p>\n","protected":false},"author":5,"featured_media":0,"comment_status":"closed","ping_status":"closed","sticky":false,"template":"","format":"standard","meta":{"footnotes":""},"categories":[31],"tags":[],"class_list":["post-9966","post","type-post","status-publish","format-standard","hentry","category-noticias"],"_links":{"self":[{"href":"https:\/\/jusprev.org.br\/backup\/wp-json\/wp\/v2\/posts\/9966","targetHints":{"allow":["GET"]}}],"collection":[{"href":"https:\/\/jusprev.org.br\/backup\/wp-json\/wp\/v2\/posts"}],"about":[{"href":"https:\/\/jusprev.org.br\/backup\/wp-json\/wp\/v2\/types\/post"}],"author":[{"embeddable":true,"href":"https:\/\/jusprev.org.br\/backup\/wp-json\/wp\/v2\/users\/5"}],"replies":[{"embeddable":true,"href":"https:\/\/jusprev.org.br\/backup\/wp-json\/wp\/v2\/comments?post=9966"}],"version-history":[{"count":0,"href":"https:\/\/jusprev.org.br\/backup\/wp-json\/wp\/v2\/posts\/9966\/revisions"}],"wp:attachment":[{"href":"https:\/\/jusprev.org.br\/backup\/wp-json\/wp\/v2\/media?parent=9966"}],"wp:term":[{"taxonomy":"category","embeddable":true,"href":"https:\/\/jusprev.org.br\/backup\/wp-json\/wp\/v2\/categories?post=9966"},{"taxonomy":"post_tag","embeddable":true,"href":"https:\/\/jusprev.org.br\/backup\/wp-json\/wp\/v2\/tags?post=9966"}],"curies":[{"name":"wp","href":"https:\/\/api.w.org\/{rel}","templated":true}]}}