{"id":9973,"date":"2017-09-04T10:26:04","date_gmt":"2017-09-04T13:26:04","guid":{"rendered":"https:\/\/jusprev.org.br\/backup\/?p=9973"},"modified":"2017-09-04T10:26:04","modified_gmt":"2017-09-04T13:26:04","slug":"jusprev-palestra-para-recem-empossados-do-mp-em-pernambuco","status":"publish","type":"post","link":"https:\/\/jusprev.org.br\/backup\/jusprev-palestra-para-recem-empossados-do-mp-em-pernambuco\/","title":{"rendered":"JUSPREV palestra para rec\u00e9m-empossados do MP em Pernambuco"},"content":{"rendered":"<p align=\"justify\">Em visita \u00e0 Recife no dia 1\u00ba deste m\u00eas, Deborah Maggio (Gerente Geral da JUSPREV), acompanhada de Ibraim Filho (Consultor Exclusivo para a Regi\u00e3o Nordeste), estiveram na sede da Escola Superior do Minist\u00e9rio P\u00fablico de Pernambuco e foram recebidos pelo Procurador Geral da Justi\u00e7a, Francisco Dirceu, e pelo Diretor da Escola, S\u00edlvio Jos\u00e9 Menezes Tavares.<\/p>\n<p align=\"justify\">Na oportunidade, a Gerente Geral da JUSPREV palestrou para os 21 novos promotores de Justi\u00e7a do Estado \u2013 empossados em 10 de agosto. Deborah apresentou o PLANJUS \u2013 o plano de benef\u00edcios previdenci\u00e1rios da JUSPREV \u2013 e demonstrou, na pr\u00e1tica, as vantagens de ser um participante.<\/p>\n<p align=\"justify\">A conversa durou cerca de uma hora e despertou, de imediato, o interesse dos rec\u00e9m-empossados. A\u00e7\u00f5es como esta, realizada tamb\u00e9m em outros estados, traduzem parte do esfor\u00e7o institucional para tornar a JUSPREV ainda mais presente no dia a dia dos membros das carreiras jur\u00eddicas de todo o pa\u00eds.<\/p>\n","protected":false},"excerpt":{"rendered":"<p>Em visita \u00e0 Recife no dia 1\u00ba deste m\u00eas, Deborah Maggio (Gerente Geral da JUSPREV), acompanhada de Ibraim Filho (Consultor Exclusivo para a Regi\u00e3o Nordeste), estiveram na sede da Escola&#8230;<\/p>\n","protected":false},"author":5,"featured_media":0,"comment_status":"closed","ping_status":"closed","sticky":false,"template":"","format":"standard","meta":{"footnotes":""},"categories":[31],"tags":[],"class_list":["post-9973","post","type-post","status-publish","format-standard","hentry","category-noticias"],"_links":{"self":[{"href":"https:\/\/jusprev.org.br\/backup\/wp-json\/wp\/v2\/posts\/9973","targetHints":{"allow":["GET"]}}],"collection":[{"href":"https:\/\/jusprev.org.br\/backup\/wp-json\/wp\/v2\/posts"}],"about":[{"href":"https:\/\/jusprev.org.br\/backup\/wp-json\/wp\/v2\/types\/post"}],"author":[{"embeddable":true,"href":"https:\/\/jusprev.org.br\/backup\/wp-json\/wp\/v2\/users\/5"}],"replies":[{"embeddable":true,"href":"https:\/\/jusprev.org.br\/backup\/wp-json\/wp\/v2\/comments?post=9973"}],"version-history":[{"count":0,"href":"https:\/\/jusprev.org.br\/backup\/wp-json\/wp\/v2\/posts\/9973\/revisions"}],"wp:attachment":[{"href":"https:\/\/jusprev.org.br\/backup\/wp-json\/wp\/v2\/media?parent=9973"}],"wp:term":[{"taxonomy":"category","embeddable":true,"href":"https:\/\/jusprev.org.br\/backup\/wp-json\/wp\/v2\/categories?post=9973"},{"taxonomy":"post_tag","embeddable":true,"href":"https:\/\/jusprev.org.br\/backup\/wp-json\/wp\/v2\/tags?post=9973"}],"curies":[{"name":"wp","href":"https:\/\/api.w.org\/{rel}","templated":true}]}}