{"id":9993,"date":"2017-09-12T14:08:01","date_gmt":"2017-09-12T17:08:01","guid":{"rendered":"https:\/\/jusprev.org.br\/backup\/?p=9993"},"modified":"2017-09-12T14:08:01","modified_gmt":"2017-09-12T17:08:01","slug":"jusprev-presente-na-7-a-semana-institucional-do-trt-9","status":"publish","type":"post","link":"https:\/\/jusprev.org.br\/backup\/jusprev-presente-na-7-a-semana-institucional-do-trt-9\/","title":{"rendered":"JUSPREV presente na 7\u00aa Semana Institucional do TRT 9"},"content":{"rendered":"<p style=\"text-align: justify;\"><a href=\"https:\/\/jusprev.org.br\/backup\/wp-content\/uploads\/2017\/09\/JUSPREVnaAMATRAIX11092017.jpg\"><img loading=\"lazy\" decoding=\"async\" class=\"alignleft size-medium wp-image-9994\" src=\"https:\/\/jusprev.org.br\/backup\/wp-content\/uploads\/2017\/09\/JUSPREVnaAMATRAIX11092017-300x199.jpg\" alt=\"JUSPREVnaAMATRAIX11092017\" width=\"300\" height=\"199\" \/><\/a>Aproveitando a 7\u00aa Semana Institucional da Magistratura do Trabalho do Paran\u00e1, realizada de 11 a 15 deste m\u00eas pelo Tribunal Regional do Trabalho da 9\u00aa Regi\u00e3o, a JUSPREV ofereceu ontem (11) um coffee break na sede da AMATRA IX. O encontro contou com a presen\u00e7a dos magistrados que participam do evento, oportunidade em que puderam conhecer o PLANJUS, o plano de benef\u00edcios administrado pela JUSPREV e institu\u00eddo pela AMATRA IX.<\/p>\n<p style=\"text-align: justify;\">Alexandre dos Santos, consultor exclusivo da JUSPREV para a regi\u00e3o, foi quem apresentou o PLANJUS aos magistrados. Durante mais de uma hora ele mostrou as vantagens da ades\u00e3o e sanou as d\u00favidas elencadas pelos presentes.<\/p>\n<p style=\"text-align: justify;\">A a\u00e7\u00e3o realizada nesta segunda-feira faz parte do compromisso assumido pela atual gest\u00e3o de tornar a JUSPREV ainda mais evidente no cen\u00e1rio nacional da previd\u00eancia complementar, consolidando o patrim\u00f4nio dos participantes e assegurando a rentabilidade do PLANJUS a \u00edndices mais vantajosos que os oferecidos pelo mercado.<\/p>\n<p style=\"text-align: justify;\">Durante a Semana Institucional, nosso consultor estar\u00e1 \u00e0 disposi\u00e7\u00e3o dos magistrados no TRT 9 para atendimento e consultoria personalizada.<\/p>\n","protected":false},"excerpt":{"rendered":"<p>Aproveitando a 7\u00aa Semana Institucional da Magistratura do Trabalho do Paran\u00e1, realizada de 11 a 15 deste m\u00eas pelo Tribunal Regional do Trabalho da 9\u00aa Regi\u00e3o, a JUSPREV ofereceu ontem&#8230;<\/p>\n","protected":false},"author":5,"featured_media":0,"comment_status":"closed","ping_status":"closed","sticky":false,"template":"","format":"standard","meta":{"footnotes":""},"categories":[31],"tags":[],"class_list":["post-9993","post","type-post","status-publish","format-standard","hentry","category-noticias"],"_links":{"self":[{"href":"https:\/\/jusprev.org.br\/backup\/wp-json\/wp\/v2\/posts\/9993","targetHints":{"allow":["GET"]}}],"collection":[{"href":"https:\/\/jusprev.org.br\/backup\/wp-json\/wp\/v2\/posts"}],"about":[{"href":"https:\/\/jusprev.org.br\/backup\/wp-json\/wp\/v2\/types\/post"}],"author":[{"embeddable":true,"href":"https:\/\/jusprev.org.br\/backup\/wp-json\/wp\/v2\/users\/5"}],"replies":[{"embeddable":true,"href":"https:\/\/jusprev.org.br\/backup\/wp-json\/wp\/v2\/comments?post=9993"}],"version-history":[{"count":0,"href":"https:\/\/jusprev.org.br\/backup\/wp-json\/wp\/v2\/posts\/9993\/revisions"}],"wp:attachment":[{"href":"https:\/\/jusprev.org.br\/backup\/wp-json\/wp\/v2\/media?parent=9993"}],"wp:term":[{"taxonomy":"category","embeddable":true,"href":"https:\/\/jusprev.org.br\/backup\/wp-json\/wp\/v2\/categories?post=9993"},{"taxonomy":"post_tag","embeddable":true,"href":"https:\/\/jusprev.org.br\/backup\/wp-json\/wp\/v2\/tags?post=9993"}],"curies":[{"name":"wp","href":"https:\/\/api.w.org\/{rel}","templated":true}]}}